{"id":88581,"date":"2018-09-06T20:53:50","date_gmt":"2018-09-06T17:53:50","guid":{"rendered":"http:\/\/www.sana.sy\/es\/?p=88581"},"modified":"2023-01-10T15:10:29","modified_gmt":"2023-01-10T13:10:29","slug":"el-representante-del-presidente-bashar-al-assad-el-ingeniero-imad-kamis-jefe-del-gabinete-inaugura-la-feria-internacional-de-damasco-en-su-60a-edicion-bajo-el-titulo-el-orgullo-del-orien","status":"publish","type":"post","link":"https:\/\/archive.sana.sy\/es\/?p=88581","title":{"rendered":"Primer Ministro inaugura 60\u00aa edici\u00f3n de la Feria Internacional de Damasco"},"content":{"rendered":"<p><span style=\"color: #800000;\">Damasco, SANA<\/span><\/p>\n<p class=\"m_-7656782297264915360ydp6f1d3c91MsoNormal\"><span lang=\"ES-TRAD\">En representaci\u00f3n del presidente Bashar al-Assad, el presidente del Consejo de Ministros, Imad Khamis, inaugur\u00f3 la 60\u00aa edici\u00f3n de la Feria Internacional de Damasco que se celebra este a\u00f1o bajo el lema: \u201cLa gloria de Oriente empieza por Damasco\u201d.<\/span><\/p>\n<p class=\"m_-7656782297264915360ydp6f1d3c91MsoNormal\"><span lang=\"ES-TRAD\">El acto de apertura cuenta con presencia local, \u00e1rabe e internacional, sobre todo la del presidente de Abjasia, y representantes de 48 estados \u00e1rabes y extranjeros, adem\u00e1s a un gran n\u00famero de empresas y actores comerciales e industriales.<\/span><\/p>\n<p class=\"m_-7656782297264915360ydp6f1d3c91MsoNormal\"><span lang=\"ES-TRAD\">En sus palabras de apertura, Khamis destac\u00f3 que la Feria Internacional de Damasco representa una de las ventanas a trav\u00e9s de la cual el gobierno sirio se comunica con los gobiernos, empresas e instituciones de los pa\u00edses hermanos, amigos y aliados, con el objetivo de dar a conocer las grandes oportunidades de inversi\u00f3n que est\u00e1n al alcance en Siria.<\/span><\/p>\n<p class=\"m_-7656782297264915360ydp6f1d3c91MsoNormal\"><span lang=\"ES-TRAD\">Agreg\u00f3 que la Feria es una oportunidad para abrir un canal directo entre los actores econ\u00f3micos sirios y sus pares en los pa\u00edses participantes, y tambi\u00e9n para promocionar los productos nacionales de los pa\u00edses participantes de forma oficial o a trav\u00e9s de empresas privadas.<\/span><\/p>\n<p class=\"m_-7656782297264915360ydp6f1d3c91MsoNormal\"><span lang=\"ES-TRAD\">El jefe del Ejecutivo sirio manifest\u00f3 el inter\u00e9s de la dirigencia siria en la preparaci\u00f3n de las condiciones adecuadas para el lanzamiento de un di\u00e1logo nacional inclusivo y recuperar cada palmo de las garras del terrorismo.<\/span><span lang=\"ES-TRAD\">\u00a0<\/span><\/p>\n<p class=\"m_-7656782297264915360ydp6f1d3c91MsoNormal\"><span lang=\"ES-TRAD\">Precis\u00f3 que el Gobierno ha tomado pasos econ\u00f3micos serios que podr\u00edan hacer del pa\u00eds un mayor taller de construcci\u00f3n en la regi\u00f3n contando con las pericias y recursos nacionales por una parte y con el apoyo de sus aliados y amigos alrededor del mundo, por la otra.<\/span><\/p>\n<p><span style=\"color: #0000ff;\">Riad Sh.\/ Dr. A. Sh.\/ F. M.<\/span><\/p>\n<p>&nbsp;<\/p>\n<p><img decoding=\"async\" src=\"http:\/\/www.sana.sy\/wp-content\/uploads\/2018\/09\/2-89.jpg\" \/><\/p>\n<p><img decoding=\"async\" src=\"http:\/\/www.sana.sy\/wp-content\/uploads\/2018\/09\/3-56.jpg\" \/><\/p>\n<p><img decoding=\"async\" src=\"http:\/\/www.sana.sy\/wp-content\/uploads\/2018\/09\/1-104.jpg\" \/><\/p>\n<p><img decoding=\"async\" src=\"https:\/\/www.sana.sy\/wp-content\/uploads\/2018\/09\/16-10.jpg\" \/><\/p>\n<p><img decoding=\"async\" src=\"https:\/\/www.sana.sy\/wp-content\/uploads\/2018\/09\/15-13.jpg\" \/><\/p>\n<p><img decoding=\"async\" src=\"https:\/\/www.sana.sy\/wp-content\/uploads\/2018\/09\/14-12.jpg\" \/><\/p>\n<p><img decoding=\"async\" src=\"https:\/\/www.sana.sy\/wp-content\/uploads\/2018\/09\/13-8.jpg\" \/><\/p>\n<p><img decoding=\"async\" src=\"https:\/\/www.sana.sy\/wp-content\/uploads\/2018\/09\/11-31.jpg\" \/><\/p>\n<p><img decoding=\"async\" src=\"https:\/\/www.sana.sy\/wp-content\/uploads\/2018\/09\/4-40.jpg\" \/><\/p>\n","protected":false},"excerpt":{"rendered":"<p>Damasco, SANA En representaci\u00f3n del presidente Bashar al-Assad, el presidente del Consejo de Ministros, Imad Khamis, inaugur\u00f3 la 60\u00aa edici\u00f3n de la Feria Internacional de Damasco que se celebra este a\u00f1o bajo el lema: \u201cLa gloria de Oriente empieza por Damasco\u201d. El acto de apertura cuenta con presencia local, \u00e1rabe e internacional, sobre todo la &hellip;<\/p>\n","protected":false},"author":1,"featured_media":88600,"comment_status":"closed","ping_status":"closed","sticky":false,"template":"","format":"standard","meta":{"footnotes":""},"categories":[597,485,476,7541],"tags":[12579],"class_list":["post-88581","post","type-post","status-publish","format-standard","has-post-thumbnail","","category-cinta-de-noticias","category-informes-negocios-y-finanzas","category-locales","category-ultimas-noticias","tag-primer-ministro-inaugura-60a-edicion-de-la-feria-internacional-de-damasco"],"_links":{"self":[{"href":"https:\/\/archive.sana.sy\/es\/index.php?rest_route=\/wp\/v2\/posts\/88581"}],"collection":[{"href":"https:\/\/archive.sana.sy\/es\/index.php?rest_route=\/wp\/v2\/posts"}],"about":[{"href":"https:\/\/archive.sana.sy\/es\/index.php?rest_route=\/wp\/v2\/types\/post"}],"author":[{"embeddable":true,"href":"https:\/\/archive.sana.sy\/es\/index.php?rest_route=\/wp\/v2\/users\/1"}],"replies":[{"embeddable":true,"href":"https:\/\/archive.sana.sy\/es\/index.php?rest_route=%2Fwp%2Fv2%2Fcomments&post=88581"}],"version-history":[{"count":0,"href":"https:\/\/archive.sana.sy\/es\/index.php?rest_route=\/wp\/v2\/posts\/88581\/revisions"}],"wp:featuredmedia":[{"embeddable":true,"href":"https:\/\/archive.sana.sy\/es\/index.php?rest_route=\/wp\/v2\/media\/88600"}],"wp:attachment":[{"href":"https:\/\/archive.sana.sy\/es\/index.php?rest_route=%2Fwp%2Fv2%2Fmedia&parent=88581"}],"wp:term":[{"taxonomy":"category","embeddable":true,"href":"https:\/\/archive.sana.sy\/es\/index.php?rest_route=%2Fwp%2Fv2%2Fcategories&post=88581"},{"taxonomy":"post_tag","embeddable":true,"href":"https:\/\/archive.sana.sy\/es\/index.php?rest_route=%2Fwp%2Fv2%2Ftags&post=88581"}],"curies":[{"name":"wp","href":"https:\/\/api.w.org\/{rel}","templated":true}]}}