{"id":88637,"date":"2018-09-07T14:12:09","date_gmt":"2018-09-07T11:12:09","guid":{"rendered":"http:\/\/www.sana.sy\/es\/?p=88637"},"modified":"2023-01-10T15:10:29","modified_gmt":"2023-01-10T13:10:29","slug":"sahab-73-un-aeroplano-hecho-por-el-talento-sirio-en-tiempo-de-guerra","status":"publish","type":"post","link":"https:\/\/archive.sana.sy\/es\/?p=88637","title":{"rendered":"Sahab 73, un aeroplano hecho por el talento sirio en tiempo de guerra"},"content":{"rendered":"<p><span style=\"color: #800000;\">Damasco, SANA<\/span><\/p>\n<p>A pesar de la guerra terrorista que sufre Siria desde hace m\u00e1s de siete a\u00f1os, los cerebros sirios talentosos continuaron trabajando dando como fruto el aeroplano sirio Sahab 73 dedicado al entrenamiento primario y el deporte.<\/p>\n<p>La aeronave dise\u00f1ada por un grupo de ingenieros sirios se caracteriza por su peso liviano, y tiene cabida para dos personas y puede alcanzar la velocidad de 180 km por hora como promedio, y un techo de vuelo de 4000 metros.<\/p>\n<p>La longitud total del avi\u00f3n es de 5,9 m y su altura 2,2, y su ala se extiende por 8,5 metros.<\/p>\n<p>Es de se\u00f1alar que el avi\u00f3n se exhibe actualmente en el pabell\u00f3n de la Rep\u00fablica \u00c1rabe Siria en la Feria Internacional de Damasco.<\/p>\n<p><span style=\"color: #0000ff;\">Riad SH.\/ Dr. A. Shaban<\/span><\/p>\n<p><img decoding=\"async\" src=\"http:\/\/www.sana.sy\/wp-content\/uploads\/2018\/09\/1-109.jpg\" \/><\/p>\n<p><img decoding=\"async\" src=\"https:\/\/www.sana.sy\/wp-content\/uploads\/2018\/09\/2-95.jpg\" \/><\/p>\n<p><img decoding=\"async\" src=\"https:\/\/www.sana.sy\/wp-content\/uploads\/2018\/09\/1-110.jpg\" \/><\/p>\n","protected":false},"excerpt":{"rendered":"<p>Damasco, SANA A pesar de la guerra terrorista que sufre Siria desde hace m\u00e1s de siete a\u00f1os, los cerebros sirios talentosos continuaron trabajando dando como fruto el aeroplano sirio Sahab 73 dedicado al entrenamiento primario y el deporte. La aeronave dise\u00f1ada por un grupo de ingenieros sirios se caracteriza por su peso liviano, y tiene &hellip;<\/p>\n","protected":false},"author":1,"featured_media":88638,"comment_status":"closed","ping_status":"closed","sticky":false,"template":"","format":"standard","meta":{"footnotes":""},"categories":[597,485,476,7541],"tags":[12585],"class_list":["post-88637","post","type-post","status-publish","format-standard","has-post-thumbnail","","category-cinta-de-noticias","category-informes-negocios-y-finanzas","category-locales","category-ultimas-noticias","tag-sahab-73-un-aeroplano-hecho-por-el-talento-sirio-en-tiempo-de-guerra"],"_links":{"self":[{"href":"https:\/\/archive.sana.sy\/es\/index.php?rest_route=\/wp\/v2\/posts\/88637"}],"collection":[{"href":"https:\/\/archive.sana.sy\/es\/index.php?rest_route=\/wp\/v2\/posts"}],"about":[{"href":"https:\/\/archive.sana.sy\/es\/index.php?rest_route=\/wp\/v2\/types\/post"}],"author":[{"embeddable":true,"href":"https:\/\/archive.sana.sy\/es\/index.php?rest_route=\/wp\/v2\/users\/1"}],"replies":[{"embeddable":true,"href":"https:\/\/archive.sana.sy\/es\/index.php?rest_route=%2Fwp%2Fv2%2Fcomments&post=88637"}],"version-history":[{"count":0,"href":"https:\/\/archive.sana.sy\/es\/index.php?rest_route=\/wp\/v2\/posts\/88637\/revisions"}],"wp:featuredmedia":[{"embeddable":true,"href":"https:\/\/archive.sana.sy\/es\/index.php?rest_route=\/wp\/v2\/media\/88638"}],"wp:attachment":[{"href":"https:\/\/archive.sana.sy\/es\/index.php?rest_route=%2Fwp%2Fv2%2Fmedia&parent=88637"}],"wp:term":[{"taxonomy":"category","embeddable":true,"href":"https:\/\/archive.sana.sy\/es\/index.php?rest_route=%2Fwp%2Fv2%2Fcategories&post=88637"},{"taxonomy":"post_tag","embeddable":true,"href":"https:\/\/archive.sana.sy\/es\/index.php?rest_route=%2Fwp%2Fv2%2Ftags&post=88637"}],"curies":[{"name":"wp","href":"https:\/\/api.w.org\/{rel}","templated":true}]}}