{"id":88640,"date":"2018-09-07T15:11:45","date_gmt":"2018-09-07T12:11:45","guid":{"rendered":"http:\/\/www.sana.sy\/es\/?p=88640"},"modified":"2018-09-08T08:26:59","modified_gmt":"2018-09-08T05:26:59","slug":"ruhani-el-pueblo-sirio-es-dueno-de-la-autodeterminacion-de-su-pais-putin-hay-que-librar-idleb-del-terrorismo","status":"publish","type":"post","link":"https:\/\/archive.sana.sy\/es\/?p=88640","title":{"rendered":"Ruhani: el pueblo sirio es due\u00f1o de la autodeterminaci\u00f3n de su pa\u00eds.. Putin: hay que liberar Idleb del terrorismo"},"content":{"rendered":"<p><span style=\"color: #800000;\">Teher\u00e1n, SANA<\/span><\/p>\n<p>El presidente iran\u00ed Hassan Ruhani afirm\u00f3 que el pueblo sirio es due\u00f1o de la autodeterminaci\u00f3n de su pa\u00eds sin ninguna intervenci\u00f3n externa subrayando que el pueblo sirio y los pueblos de la regi\u00f3n resistir\u00e1n cualquier intervencionismo for\u00e1neo y no aceptar\u00e1 la democracia que viene por medio de las armas.<\/p>\n<p>Durante la apertura de la cumbre de pa\u00edses garantes del trayecto de Astan\u00e1 en Teher\u00e1n, Ruhani dijo: &#8220;coincidimos en continuar el combate al terrorismo en Siria y alcanzar una soluci\u00f3n pol\u00edtica a la crisis all\u00ed, agregando que &#8220;el combate al terrorismo en Idleb es una parte importante de la estabilizaci\u00f3n de Siria.&#8221;<\/p>\n<p>Ruhani se\u00f1al\u00f3 que la presencia de las tropas estadounidenses en Siria es ileg\u00edtima y deben retirarse de inmediato, e inst\u00f3 a la comunidad internacional a poner coto a las agresiones israel\u00edes sobre el territorio sirio.<\/p>\n<p>Por su parte el presidente ruso Vladimir Putin hizo alusi\u00f3n a los preparativos terroristas de hacer provocaciones con armas qu\u00edmicas en Idleb que hay que liberarla del terrorismo.<\/p>\n<p>&#8220;Hay que reconstruir a Siria y fortalecer la seguridad y propiciar el retorno de los desplazados a su pa\u00eds&#8221;, agreg\u00f3.<\/p>\n<p>Al t\u00e9rmino de la cumbre de los pa\u00edses garantes del trayecto de Astan\u00e1, el presidente iran\u00ed Hassan Ruhani declar\u00f3 en una rueda de prensa: &#8220;Hemos debatido la presencia ileg\u00edtima de las tropas extranjeras en Siria que obstaculiza el arreglo de la crisis all\u00ed.&#8221; Afirmando que hay que hacer frente a las organizaciones terroristas presentes en Idleb como Daesh y el Frente de al-Nusra&#8221;.<\/p>\n<p>&#8220;El pueblo sirio est\u00e1 a punto de acabar con los terroristas de forma total y el gobierno sirio controla la mayor parte del territorio sirio&#8221;.<\/p>\n<p>A su vez el presidente ruso Vladimir Putin dijo: &#8220;hemos adoptado una declaraci\u00f3n conjunta que afirma la necesidad de continuar la lucha antiterrorista en Siria&#8221; se\u00f1alando que la cumbre se desarroll\u00f3 de forma constructiva.<\/p>\n<p>&#8220;Tenemos suficientes pruebas de que los terroristas preparan provocaciones mediante el uso de armas qu\u00edmicas y existen tentativas de proteger a los terroristas bajo diversos pretextos.&#8221;<\/p>\n<p><span style=\"color: #0000ff;\">Riad Sh.\/ Dr. A. Shaban<\/span><\/p>\n<p><img decoding=\"async\" src=\"http:\/\/www.sana.sy\/wp-content\/uploads\/2018\/09\/photo_%D9%A2%D9%A0%D9%A1%D9%A8-%D9%A0%D9%A9-%D9%A0%D9%A7_%D9%A1%D9%A4-%D9%A2%D9%A9-%D9%A3%D9%A5.jpg\" \/><\/p>\n<p><img decoding=\"async\" src=\"http:\/\/www.sana.sy\/wp-content\/uploads\/2018\/09\/photo_%D9%A2%D9%A0%D9%A1%D9%A8-%D9%A0%D9%A9-%D9%A0%D9%A7_%D9%A1%D9%A4-%D9%A3%D9%A4-%D9%A1%D9%A1.jpg\" \/><\/p>\n<p><img decoding=\"async\" src=\"http:\/\/www.sana.sy\/wp-content\/uploads\/2018\/09\/11-34.jpg\" \/><\/p>\n","protected":false},"excerpt":{"rendered":"<p>Teher\u00e1n, SANA El presidente iran\u00ed Hassan Ruhani afirm\u00f3 que el pueblo sirio es due\u00f1o de la autodeterminaci\u00f3n de su pa\u00eds sin ninguna intervenci\u00f3n externa subrayando que el pueblo sirio y los pueblos de la regi\u00f3n resistir\u00e1n cualquier intervencionismo for\u00e1neo y no aceptar\u00e1 la democracia que viene por medio de las armas. Durante la apertura de &hellip;<\/p>\n","protected":false},"author":1,"featured_media":88641,"comment_status":"closed","ping_status":"closed","sticky":false,"template":"","format":"standard","meta":{"footnotes":""},"categories":[597,467,7541],"tags":[12587],"class_list":["post-88640","post","type-post","status-publish","format-standard","has-post-thumbnail","","category-cinta-de-noticias","category-siria-y-el-mundo","category-ultimas-noticias","tag-ruhani-el-pueblo-sirio-es-dueno-de-la-autodeterminacion-de-su-pais-putin-hay-que-liberar-idleb-del-terrorismo"],"_links":{"self":[{"href":"https:\/\/archive.sana.sy\/es\/index.php?rest_route=\/wp\/v2\/posts\/88640"}],"collection":[{"href":"https:\/\/archive.sana.sy\/es\/index.php?rest_route=\/wp\/v2\/posts"}],"about":[{"href":"https:\/\/archive.sana.sy\/es\/index.php?rest_route=\/wp\/v2\/types\/post"}],"author":[{"embeddable":true,"href":"https:\/\/archive.sana.sy\/es\/index.php?rest_route=\/wp\/v2\/users\/1"}],"replies":[{"embeddable":true,"href":"https:\/\/archive.sana.sy\/es\/index.php?rest_route=%2Fwp%2Fv2%2Fcomments&post=88640"}],"version-history":[{"count":0,"href":"https:\/\/archive.sana.sy\/es\/index.php?rest_route=\/wp\/v2\/posts\/88640\/revisions"}],"wp:featuredmedia":[{"embeddable":true,"href":"https:\/\/archive.sana.sy\/es\/index.php?rest_route=\/wp\/v2\/media\/88641"}],"wp:attachment":[{"href":"https:\/\/archive.sana.sy\/es\/index.php?rest_route=%2Fwp%2Fv2%2Fmedia&parent=88640"}],"wp:term":[{"taxonomy":"category","embeddable":true,"href":"https:\/\/archive.sana.sy\/es\/index.php?rest_route=%2Fwp%2Fv2%2Fcategories&post=88640"},{"taxonomy":"post_tag","embeddable":true,"href":"https:\/\/archive.sana.sy\/es\/index.php?rest_route=%2Fwp%2Fv2%2Ftags&post=88640"}],"curies":[{"name":"wp","href":"https:\/\/api.w.org\/{rel}","templated":true}]}}