{"id":88650,"date":"2018-09-07T20:21:57","date_gmt":"2018-09-07T17:21:57","guid":{"rendered":"http:\/\/www.sana.sy\/es\/?p=88650"},"modified":"2018-09-08T08:35:05","modified_gmt":"2018-09-08T05:35:05","slug":"declaracion-final-de-la-cumbre-de-teheran-reafirma-necesidad-de-lucha-contra-el-terrorismo","status":"publish","type":"post","link":"https:\/\/archive.sana.sy\/es\/?p=88650","title":{"rendered":"Declaraci\u00f3n final de la cumbre de Teher\u00e1n reafirma necesidad de lucha contra el terrorismo"},"content":{"rendered":"<p><span style=\"color: #800000;\">Teher\u00e1n SANA<\/span><\/p>\n<p>Los jefes de estado de los pa\u00edses garantes del trayecto de Astan\u00e1 (Rusia, Ir\u00e1n y Turqu\u00eda) clausuraron su cumbre trilateral en la capital iran\u00ed Teher\u00e1n, y que abord\u00f3 la situaci\u00f3n en Siria, particularmente en la provincia de Idleb.<\/p>\n<p>Al final de la cumbre, se emiti\u00f3 una declaraci\u00f3n conjunta en la que se afirm\u00f3 el compromiso con la soberan\u00eda, independencia, unidad e integridad territorial de Siria, as\u00ed como con los principios de la Carta de las Naciones Unidas.<\/p>\n<p>La declaraci\u00f3n expres\u00f3 la satisfacci\u00f3n con los logros alcanzados desde enero de 2017 por el formato de Astan\u00e1, en particular en la reducci\u00f3n de la violencia en todo el territorio sirio y en la contribuci\u00f3n a la paz, la seguridad y la estabilidad en el pa\u00eds.<\/p>\n<p>Tambi\u00e9n se enfatiz\u00f3 el s\u00f3lido y continuado compromiso con la soberan\u00eda, independencia, unidad e integridad territorial de Siria, as\u00ed como con los principios de la Carta de las Naciones Unidas, y han declarado que esos principios deben ser respetados por todas las partes.<\/p>\n<p>Los tres mandatarios expresaron su voluntad de hacer frente a los planes separatistas orientados a debilitar la soberan\u00eda e integridad territorial sirias, as\u00ed como la seguridad nacional de los pa\u00edses vecinos.<\/p>\n<p>Seg\u00fan afirma la declaraci\u00f3n, en la guerra contra el terrorismo, ser\u00e1 de la m\u00e1xima importancia distinguir entre los referidos grupos terroristas y los grupos de oposici\u00f3n armados que se han sumado o se sumar\u00e1n al r\u00e9gimen de alto el fuego, as\u00ed como evitar v\u00edctimas civiles.<\/p>\n<p>Por otro lado, la declaraci\u00f3n enfatiz\u00f3 la necesidad de respaldar los esfuerzos por ayudar a todos los sirios a restablecer su vida normal y pac\u00edfica, as\u00ed como a aliviar su sufrimiento; y llamaron a la comunidad internacional, en particular a las Naciones Unidas y sus agencias humanitarias, a incrementar su asistencia a Siria suministrando m\u00e1s ayuda humanitaria, facilitando actividad de desminado humanitario, revitalizando infraestructuras b\u00e1sicas, incluidas instalaciones sociales y econ\u00f3micas, y preservando patrimonio hist\u00f3rico.<\/p>\n<p>Adem\u00e1s, resalt\u00f3 la necesidad de crear las condiciones necesarias para el regreso seguro y voluntario a sus hogares en Siria de los refugiados y los desplazados internos.<\/p>\n<p><span style=\"color: #0000ff;\">F. Marouf\/ Dr. A. Shaban<\/span><\/p>\n","protected":false},"excerpt":{"rendered":"<p>Teher\u00e1n SANA Los jefes de estado de los pa\u00edses garantes del trayecto de Astan\u00e1 (Rusia, Ir\u00e1n y Turqu\u00eda) clausuraron su cumbre trilateral en la capital iran\u00ed Teher\u00e1n, y que abord\u00f3 la situaci\u00f3n en Siria, particularmente en la provincia de Idleb. Al final de la cumbre, se emiti\u00f3 una declaraci\u00f3n conjunta en la que se afirm\u00f3 &hellip;<\/p>\n","protected":false},"author":1,"featured_media":88651,"comment_status":"closed","ping_status":"closed","sticky":false,"template":"","format":"standard","meta":{"footnotes":""},"categories":[597,467,583],"tags":[12588],"class_list":["post-88650","post","type-post","status-publish","format-standard","has-post-thumbnail","","category-cinta-de-noticias","category-siria-y-el-mundo","category-slide","tag-declaracion-final-de-la-cumbre-de-teheran-reafirma-necesidad-de-lucha-contra-el-terrorismo"],"_links":{"self":[{"href":"https:\/\/archive.sana.sy\/es\/index.php?rest_route=\/wp\/v2\/posts\/88650"}],"collection":[{"href":"https:\/\/archive.sana.sy\/es\/index.php?rest_route=\/wp\/v2\/posts"}],"about":[{"href":"https:\/\/archive.sana.sy\/es\/index.php?rest_route=\/wp\/v2\/types\/post"}],"author":[{"embeddable":true,"href":"https:\/\/archive.sana.sy\/es\/index.php?rest_route=\/wp\/v2\/users\/1"}],"replies":[{"embeddable":true,"href":"https:\/\/archive.sana.sy\/es\/index.php?rest_route=%2Fwp%2Fv2%2Fcomments&post=88650"}],"version-history":[{"count":0,"href":"https:\/\/archive.sana.sy\/es\/index.php?rest_route=\/wp\/v2\/posts\/88650\/revisions"}],"wp:featuredmedia":[{"embeddable":true,"href":"https:\/\/archive.sana.sy\/es\/index.php?rest_route=\/wp\/v2\/media\/88651"}],"wp:attachment":[{"href":"https:\/\/archive.sana.sy\/es\/index.php?rest_route=%2Fwp%2Fv2%2Fmedia&parent=88650"}],"wp:term":[{"taxonomy":"category","embeddable":true,"href":"https:\/\/archive.sana.sy\/es\/index.php?rest_route=%2Fwp%2Fv2%2Fcategories&post=88650"},{"taxonomy":"post_tag","embeddable":true,"href":"https:\/\/archive.sana.sy\/es\/index.php?rest_route=%2Fwp%2Fv2%2Ftags&post=88650"}],"curies":[{"name":"wp","href":"https:\/\/api.w.org\/{rel}","templated":true}]}}