{"id":88654,"date":"2018-09-07T22:28:42","date_gmt":"2018-09-07T19:28:42","guid":{"rendered":"http:\/\/www.sana.sy\/es\/?p=88654"},"modified":"2018-09-08T08:31:40","modified_gmt":"2018-09-08T05:31:40","slug":"nebenzia-situacion-en-idlib-es-inaceptable-y-washington-intenta-proteger-a-los-terroristas","status":"publish","type":"post","link":"https:\/\/archive.sana.sy\/es\/?p=88654","title":{"rendered":"Nebenzia: Situaci\u00f3n en Idlib es inaceptable y Washington intenta proteger a los terroristas"},"content":{"rendered":"<p><span style=\"color: #800000;\">Nueva York, SANA<\/span><\/p>\n<p>El delegado ruso ante las Naciones Unidas, Vasili Nebenzia, afirm\u00f3 que la situaci\u00f3n en Idlib es inaceptable, y explic\u00f3 que los terroristas del Frente Al-Nousra ocupan esta provincia y constituyen una amenaza para la seguridad global.<\/p>\n<p>En una sesi\u00f3n del Consejo de Seguridad dedicada para debatir la situaci\u00f3n en la provincia de Idlib, Nebenzia dijo que &#8220;los terroristas en Idlib retienen a los civiles como escudos humanos, atacan a la poblaci\u00f3n en las \u00e1reas circundantes y violan el acuerdo de zonas de distensi\u00f3n\u201d.<\/p>\n<p>El diplom\u00e1tico ruso puntualiz\u00f3 que en la zona de distensi\u00f3n de Idlib operan 40-45 grupos terroristas, aproximadamente unas 50.000 personas en total.<\/p>\n<p>Agreg\u00f3 que algunos grupos totalmente dependen del Frente Al-Nousra y muchos integrantes de estos grupos juraron lealtad a los extremistas debido a que temen por su vida y la de sus familiares.<\/p>\n<p>El representante ruso constat\u00f3, adem\u00e1s, que los occidentales &#8220;atizando la tensi\u00f3n en torno a Idlib&#8221; buscan evitar la eliminaci\u00f3n del \u00faltimo basti\u00f3n de los terroristas en Siria.<\/p>\n<p>Adem\u00e1s, el embajador ruso llam\u00f3 la atenci\u00f3n del Consejo de Seguridad de la ONU a la enorme cantidad de equipos militares extranjeros de los que disponen los terroristas.<\/p>\n<p><span style=\"color: #0000ff;\">F. Marouf\/ Dr. A. Shaban<\/span><\/p>\n","protected":false},"excerpt":{"rendered":"<p>Nueva York, SANA El delegado ruso ante las Naciones Unidas, Vasili Nebenzia, afirm\u00f3 que la situaci\u00f3n en Idlib es inaceptable, y explic\u00f3 que los terroristas del Frente Al-Nousra ocupan esta provincia y constituyen una amenaza para la seguridad global. En una sesi\u00f3n del Consejo de Seguridad dedicada para debatir la situaci\u00f3n en la provincia de &hellip;<\/p>\n","protected":false},"author":1,"featured_media":88656,"comment_status":"closed","ping_status":"closed","sticky":false,"template":"","format":"standard","meta":{"footnotes":""},"categories":[597,467,7541],"tags":[12589],"class_list":["post-88654","post","type-post","status-publish","format-standard","has-post-thumbnail","","category-cinta-de-noticias","category-siria-y-el-mundo","category-ultimas-noticias","tag-nebenzia-situacion-en-idlib-es-inaceptable-y-washington-intenta-proteger-a-los-terroristas"],"_links":{"self":[{"href":"https:\/\/archive.sana.sy\/es\/index.php?rest_route=\/wp\/v2\/posts\/88654"}],"collection":[{"href":"https:\/\/archive.sana.sy\/es\/index.php?rest_route=\/wp\/v2\/posts"}],"about":[{"href":"https:\/\/archive.sana.sy\/es\/index.php?rest_route=\/wp\/v2\/types\/post"}],"author":[{"embeddable":true,"href":"https:\/\/archive.sana.sy\/es\/index.php?rest_route=\/wp\/v2\/users\/1"}],"replies":[{"embeddable":true,"href":"https:\/\/archive.sana.sy\/es\/index.php?rest_route=%2Fwp%2Fv2%2Fcomments&post=88654"}],"version-history":[{"count":0,"href":"https:\/\/archive.sana.sy\/es\/index.php?rest_route=\/wp\/v2\/posts\/88654\/revisions"}],"wp:featuredmedia":[{"embeddable":true,"href":"https:\/\/archive.sana.sy\/es\/index.php?rest_route=\/wp\/v2\/media\/88656"}],"wp:attachment":[{"href":"https:\/\/archive.sana.sy\/es\/index.php?rest_route=%2Fwp%2Fv2%2Fmedia&parent=88654"}],"wp:term":[{"taxonomy":"category","embeddable":true,"href":"https:\/\/archive.sana.sy\/es\/index.php?rest_route=%2Fwp%2Fv2%2Fcategories&post=88654"},{"taxonomy":"post_tag","embeddable":true,"href":"https:\/\/archive.sana.sy\/es\/index.php?rest_route=%2Fwp%2Fv2%2Ftags&post=88654"}],"curies":[{"name":"wp","href":"https:\/\/api.w.org\/{rel}","templated":true}]}}