{"id":88657,"date":"2018-09-07T23:35:55","date_gmt":"2018-09-07T20:35:55","guid":{"rendered":"http:\/\/www.sana.sy\/es\/?p=88657"},"modified":"2018-09-08T08:40:37","modified_gmt":"2018-09-08T05:40:37","slug":"jaafari-liberacion-de-idleb-decepcionara-a-quienes-apuestan-por-el-terrorismo-en-esta-provincia","status":"publish","type":"post","link":"https:\/\/archive.sana.sy\/es\/?p=88657","title":{"rendered":"Jaafari: liberaci\u00f3n de Idleb decepcionar\u00e1 a quienes apuestan por el terrorismo en esta provincia"},"content":{"rendered":"<p><span style=\"color: #800000;\">Nueva York, SANA<\/span><\/p>\n<p>El representante permanente de Siria ante las Naciones Unidas, Bashar Jaafari, afirm\u00f3 que Siria est\u00e1 decidida a luchar contra el terrorismo hasta su erradicaci\u00f3n por completo y la liberaci\u00f3n del territorio de este flageo y tambi\u00e9n de la ocupaci\u00f3n extranjera.<\/p>\n<p>En una sesi\u00f3n del Consejo de Seguridad dedicada para debatir la situaci\u00f3n en la provincia de Idlib, Jaafari dijo que cualquier acci\u00f3n llevada a cabo por el gobierno sirio para expulsar a los terroristas de Idleb es un derecho soberano y legal garantizado por los principios del Derecho Internacional y las resoluciones del Consejo de Seguridad relativas a la lucha contra el terrorismo.<\/p>\n<p>El diplom\u00e1tico sirio enfatiz\u00f3 que los grupos terroristas atrincherados en la zona de distensi\u00f3n de Idlib no respetan de hecho los acuerdos alcanzados en el marco del proceso de Astan\u00e1.<\/p>\n<p><span style=\"color: #0000ff;\">F. Marouf\/ Dr. A. Shaban<\/span><\/p>\n","protected":false},"excerpt":{"rendered":"<p>Nueva York, SANA El representante permanente de Siria ante las Naciones Unidas, Bashar Jaafari, afirm\u00f3 que Siria est\u00e1 decidida a luchar contra el terrorismo hasta su erradicaci\u00f3n por completo y la liberaci\u00f3n del territorio de este flageo y tambi\u00e9n de la ocupaci\u00f3n extranjera. En una sesi\u00f3n del Consejo de Seguridad dedicada para debatir la situaci\u00f3n &hellip;<\/p>\n","protected":false},"author":1,"featured_media":88658,"comment_status":"closed","ping_status":"closed","sticky":false,"template":"","format":"standard","meta":{"footnotes":""},"categories":[597,467,583],"tags":[12590],"class_list":["post-88657","post","type-post","status-publish","format-standard","has-post-thumbnail","","category-cinta-de-noticias","category-siria-y-el-mundo","category-slide","tag-jaafari-liberacion-de-idleb-decepcionara-a-quienes-apuestan-por-el-terrorismo-en-esta-provincia"],"_links":{"self":[{"href":"https:\/\/archive.sana.sy\/es\/index.php?rest_route=\/wp\/v2\/posts\/88657"}],"collection":[{"href":"https:\/\/archive.sana.sy\/es\/index.php?rest_route=\/wp\/v2\/posts"}],"about":[{"href":"https:\/\/archive.sana.sy\/es\/index.php?rest_route=\/wp\/v2\/types\/post"}],"author":[{"embeddable":true,"href":"https:\/\/archive.sana.sy\/es\/index.php?rest_route=\/wp\/v2\/users\/1"}],"replies":[{"embeddable":true,"href":"https:\/\/archive.sana.sy\/es\/index.php?rest_route=%2Fwp%2Fv2%2Fcomments&post=88657"}],"version-history":[{"count":0,"href":"https:\/\/archive.sana.sy\/es\/index.php?rest_route=\/wp\/v2\/posts\/88657\/revisions"}],"wp:featuredmedia":[{"embeddable":true,"href":"https:\/\/archive.sana.sy\/es\/index.php?rest_route=\/wp\/v2\/media\/88658"}],"wp:attachment":[{"href":"https:\/\/archive.sana.sy\/es\/index.php?rest_route=%2Fwp%2Fv2%2Fmedia&parent=88657"}],"wp:term":[{"taxonomy":"category","embeddable":true,"href":"https:\/\/archive.sana.sy\/es\/index.php?rest_route=%2Fwp%2Fv2%2Fcategories&post=88657"},{"taxonomy":"post_tag","embeddable":true,"href":"https:\/\/archive.sana.sy\/es\/index.php?rest_route=%2Fwp%2Fv2%2Ftags&post=88657"}],"curies":[{"name":"wp","href":"https:\/\/api.w.org\/{rel}","templated":true}]}}