{"id":8878,"date":"2014-09-11T20:18:32","date_gmt":"2014-09-11T17:18:32","guid":{"rendered":"http:\/\/www.sana.sy\/es\/?p=8878"},"modified":"2014-09-13T15:22:07","modified_gmt":"2014-09-13T12:22:07","slug":"el-presidente-al-assad-a-de-mistura-el-gobierno-sirio-dispuesto-a-continuar-cooperando-con-el-enviado-internacional-en-el-marco-de-los-intereses-del-pueblo-sirio","status":"publish","type":"post","link":"https:\/\/archive.sana.sy\/es\/?p=8878","title":{"rendered":"El presidente al-Assad a De Mistura: el gobierno sirio dispuesto a continuar cooperando con el enviado internacional en el marco de los intereses del pueblo sirio"},"content":{"rendered":"<p>Damasco, SANA<\/p>\n<p>El Sr. Bashar al Assad ha recibido hoy a Staffan de Mistura, enviado especial de la ONU a Siria y, a la delegaci\u00f3n acompa\u00f1ante.<\/p>\n<p>El presidente al-Assad expres\u00f3 la disposici\u00f3n del gobierno sirio a continuar trabajando con el enviado internacional y a brindarle el apoyo necesario para \u00e9xito de su misi\u00f3n en el marco de los intereses del pueblo sirio que aspira a una soluci\u00f3n que lo libre del terrorismo y sus diversas organizaciones afirmando que el \u00e9xito de De Mistura en su misi\u00f3n ser\u00e1 un \u00e9xito para Siria y su pueblo.<\/p>\n<p>Su excelencia se\u00f1al\u00f3 que la nueva escena en Siria y la regi\u00f3n hace de la lucha contra el terrorismo una prioridad porque este se ha transformado en el mayor peligro que amenaza a todos y porque cualquier avance en este \u00e1mbito contribuir\u00e1 positivamente en las reconciliaciones que han tenido \u00e9xito hasta ahora en varias zonas de Siria conformando as\u00ed un punto de partida hacia un di\u00e1logo intersirio integral.<\/p>\n<p>Cabe destacar que la atm\u00f3sfera del encuentro fue positiva especialmente en lo referente a la resoluci\u00f3n internacional N\u00ba 2170 sobre la lucha antiterrorista, puesto que los puntos de vista coincidieron en la importancia de esta resoluci\u00f3n y la necesidad de aplicarla de forma correcta.<\/p>\n<p>Por su parte De Mistura asegur\u00f3 que no ahorrar\u00e1 esfuerzo junto a todas las partes dentro y fuera de Siria por encontrar una soluci\u00f3n pac\u00edfica a la crisis en Siria a trav\u00e9s de un proceso pol\u00edtico paralelamente con el combate al terrorismo y las reconciliaciones nacionales.<\/p>\n<p>El encuentro cont\u00f3 con la presencia de Walid al-Moalem ministro del Exterior y los Expatriados y, la Dra. Buzaina Shaaban la Consejera pol\u00edtica y de Medios en la Presidencia de la Rep\u00fablica y, el Dr. Faisal al-Mekdad el vicecanciller.<br \/>\nEn declaraciones a la prensa, De Mistura se\u00f1al\u00f3 que el terrorismo se ha convertido a una fuente de preocupaci\u00f3n para todo el mundo, subrayando que la lucha contra el mismo \u201ces una prioridad para nosotros\u201d que no se puede alcanzar sin agilizar el proceso pol\u00edtico en Siria.<br \/>\nEl alto diplom\u00e1tico sueco-italiano resalt\u00f3 la necesidad de ayudar a los sirios a llegar a un arreglo pol\u00edtico integral, tomando en cuenta las nuevas realidades sobre el terreno, entre ellas los grupos terroristas cuyo peligro reconoci\u00f3 el Consejo de Seguridad Internacional mediante la resoluci\u00f3n N 2170.<\/p>\n<p>Asimismo subray\u00f3 la necesidad de hacer frente a estos grupos terroristas, aludiendo que la comunidad internacional se mueve para lograr tal fin paso a paso.<\/p>\n<p>Por otro lado, el nuevo mediador de la ONU\u00a0calific\u00f3 su encuentro con el presidente Bashar al-Assad de \u201clargo y muy productivo\u201d, confirmando que la ONU trabajar\u00e1 seriamente para hacer llegar las ayudas y los servicios a todas las familias sirias dondequiera que existan, operaci\u00f3n que ser\u00e1 acompa\u00f1ada por un proceso pol\u00edtico integral, sin embargo la prioridad se dar\u00e1 a la resoluci\u00f3n del Consejo de Seguridad Internacional N 2170.<\/p>\n<p>De Mistura\u00a0revel\u00f3 que al terminar su gira en Damasco, \u00e9l se entrevistar\u00e1 con varios l\u00edderes de la regi\u00f3n y luego se dirigir\u00e1 a la Asamblea Nacional de la ONU para presentar un informe al secretario general, Ban Ki moon sobre los planteamientos y sugerencias que consigui\u00f3 del interior de Siria, de los sirios en el exterior y de la comunidad internacional.<\/p>\n<div id='gallery-1' class='gallery galleryid-8878 gallery-columns-3 gallery-size-thumbnail'><figure class='gallery-item'>\n\t\t\t<div class='gallery-icon landscape'>\n\t\t\t\t<a href='https:\/\/archive.sana.sy\/es\/wp-content\/uploads\/2014\/09\/presidente-de-mistura-4.jpg'><img loading=\"lazy\" decoding=\"async\" width=\"150\" height=\"79\" src=\"https:\/\/archive.sana.sy\/es\/wp-content\/uploads\/2014\/09\/presidente-de-mistura-4-150x79.jpg\" class=\"attachment-thumbnail size-thumbnail\" alt=\"\" srcset=\"https:\/\/archive.sana.sy\/es\/wp-content\/uploads\/2014\/09\/presidente-de-mistura-4-150x79.jpg 150w, https:\/\/archive.sana.sy\/es\/wp-content\/uploads\/2014\/09\/presidente-de-mistura-4-300x160.jpg 300w, https:\/\/archive.sana.sy\/es\/wp-content\/uploads\/2014\/09\/presidente-de-mistura-4.jpg 620w\" sizes=\"(max-width: 150px) 100vw, 150px\" \/><\/a>\n\t\t\t<\/div><\/figure><figure class='gallery-item'>\n\t\t\t<div class='gallery-icon landscape'>\n\t\t\t\t<a href='https:\/\/archive.sana.sy\/es\/wp-content\/uploads\/2014\/09\/presidente-de-mistura-3.jpg'><img loading=\"lazy\" decoding=\"async\" width=\"150\" height=\"79\" src=\"https:\/\/archive.sana.sy\/es\/wp-content\/uploads\/2014\/09\/presidente-de-mistura-3-150x79.jpg\" class=\"attachment-thumbnail size-thumbnail\" alt=\"\" srcset=\"https:\/\/archive.sana.sy\/es\/wp-content\/uploads\/2014\/09\/presidente-de-mistura-3-150x79.jpg 150w, https:\/\/archive.sana.sy\/es\/wp-content\/uploads\/2014\/09\/presidente-de-mistura-3-300x160.jpg 300w, https:\/\/archive.sana.sy\/es\/wp-content\/uploads\/2014\/09\/presidente-de-mistura-3.jpg 620w\" sizes=\"(max-width: 150px) 100vw, 150px\" \/><\/a>\n\t\t\t<\/div><\/figure><figure class='gallery-item'>\n\t\t\t<div class='gallery-icon landscape'>\n\t\t\t\t<a href='https:\/\/archive.sana.sy\/es\/wp-content\/uploads\/2014\/09\/presidente-de-mistura2.jpg'><img loading=\"lazy\" decoding=\"async\" width=\"150\" height=\"79\" src=\"https:\/\/archive.sana.sy\/es\/wp-content\/uploads\/2014\/09\/presidente-de-mistura2-150x79.jpg\" class=\"attachment-thumbnail size-thumbnail\" alt=\"\" srcset=\"https:\/\/archive.sana.sy\/es\/wp-content\/uploads\/2014\/09\/presidente-de-mistura2-150x79.jpg 150w, https:\/\/archive.sana.sy\/es\/wp-content\/uploads\/2014\/09\/presidente-de-mistura2-300x160.jpg 300w, https:\/\/archive.sana.sy\/es\/wp-content\/uploads\/2014\/09\/presidente-de-mistura2.jpg 620w\" sizes=\"(max-width: 150px) 100vw, 150px\" \/><\/a>\n\t\t\t<\/div><\/figure>\n\t\t<\/div>\n\nRiyad Sh., Lynn A.<\/p>\n","protected":false},"excerpt":{"rendered":"<p>Damasco, SANA El Sr. Bashar al Assad ha recibido hoy a Staffan de Mistura, enviado especial de la ONU a Siria y, a la delegaci\u00f3n acompa\u00f1ante. El presidente al-Assad expres\u00f3 la disposici\u00f3n del gobierno sirio a continuar trabajando con el enviado internacional y a brindarle el apoyo necesario para \u00e9xito de su misi\u00f3n en el &hellip;<\/p>\n","protected":false},"author":1,"featured_media":8879,"comment_status":"closed","ping_status":"closed","sticky":false,"template":"","format":"standard","meta":{"footnotes":""},"categories":[476,626],"tags":[2001],"class_list":["post-8878","post","type-post","status-publish","format-standard","has-post-thumbnail","","category-locales","category-sr-presidente","tag-el-presidente-al-assad-a-de-mistura-el-gobierno-sirio-dispuesto-a-continuar-cooperando-con-el-enviado-internacional-en-el-marco-de-los-intereses-del-pueblo-sirio"],"_links":{"self":[{"href":"https:\/\/archive.sana.sy\/es\/index.php?rest_route=\/wp\/v2\/posts\/8878"}],"collection":[{"href":"https:\/\/archive.sana.sy\/es\/index.php?rest_route=\/wp\/v2\/posts"}],"about":[{"href":"https:\/\/archive.sana.sy\/es\/index.php?rest_route=\/wp\/v2\/types\/post"}],"author":[{"embeddable":true,"href":"https:\/\/archive.sana.sy\/es\/index.php?rest_route=\/wp\/v2\/users\/1"}],"replies":[{"embeddable":true,"href":"https:\/\/archive.sana.sy\/es\/index.php?rest_route=%2Fwp%2Fv2%2Fcomments&post=8878"}],"version-history":[{"count":0,"href":"https:\/\/archive.sana.sy\/es\/index.php?rest_route=\/wp\/v2\/posts\/8878\/revisions"}],"wp:featuredmedia":[{"embeddable":true,"href":"https:\/\/archive.sana.sy\/es\/index.php?rest_route=\/wp\/v2\/media\/8879"}],"wp:attachment":[{"href":"https:\/\/archive.sana.sy\/es\/index.php?rest_route=%2Fwp%2Fv2%2Fmedia&parent=8878"}],"wp:term":[{"taxonomy":"category","embeddable":true,"href":"https:\/\/archive.sana.sy\/es\/index.php?rest_route=%2Fwp%2Fv2%2Fcategories&post=8878"},{"taxonomy":"post_tag","embeddable":true,"href":"https:\/\/archive.sana.sy\/es\/index.php?rest_route=%2Fwp%2Fv2%2Ftags&post=8878"}],"curies":[{"name":"wp","href":"https:\/\/api.w.org\/{rel}","templated":true}]}}