{"id":88951,"date":"2018-09-11T14:00:57","date_gmt":"2018-09-11T11:00:57","guid":{"rendered":"http:\/\/www.sana.sy\/es\/?p=88951"},"modified":"2018-09-11T14:35:15","modified_gmt":"2018-09-11T11:35:15","slug":"situacion-en-siria-centra-reunion-de-representantes-de-los-estados-garantes-con-de-mistura","status":"publish","type":"post","link":"https:\/\/archive.sana.sy\/es\/?p=88951","title":{"rendered":"Situaci\u00f3n en Siria centra reuni\u00f3n de representantes de los Estados Garantes con De Mistura"},"content":{"rendered":"<p style=\"text-align: justify;\"><span style=\"color: #800000;\">Ginebra, SANA<\/span><\/p>\n<p style=\"text-align: justify;\">Los Representantes de los Estados Garantes del proceso de Astan\u00e1 (Rusia, Ir\u00e1n y el r\u00e9gimen turco) iniciaron conversaciones hoy en Ginebra con el Enviado Especial de la ONU para Siria, Staffan de Mistura.<\/p>\n<p style=\"text-align: justify;\">Las conversaciones abordan la evoluci\u00f3n de los \u00faltimos acontecimientos en Siria.<\/p>\n<p style=\"text-align: justify;\">El viceministro ruso de Exteriores, Sergei Verchinen, y el enviado especial ruso a Siria, Alexander Lavrentiev, son los representantes del lado ruso en las conversaciones.<\/p>\n<p style=\"text-align: justify;\"><span style=\"color: #0000ff;\">F. Marouf\/ Ammar H.<\/span><\/p>\n","protected":false},"excerpt":{"rendered":"<p>Ginebra, SANA Los Representantes de los Estados Garantes del proceso de Astan\u00e1 (Rusia, Ir\u00e1n y el r\u00e9gimen turco) iniciaron conversaciones hoy en Ginebra con el Enviado Especial de la ONU para Siria, Staffan de Mistura. Las conversaciones abordan la evoluci\u00f3n de los \u00faltimos acontecimientos en Siria. El viceministro ruso de Exteriores, Sergei Verchinen, y el &hellip;<\/p>\n","protected":false},"author":1,"featured_media":88952,"comment_status":"closed","ping_status":"closed","sticky":false,"template":"","format":"standard","meta":{"footnotes":""},"categories":[597,467,7541],"tags":[12627],"class_list":["post-88951","post","type-post","status-publish","format-standard","has-post-thumbnail","","category-cinta-de-noticias","category-siria-y-el-mundo","category-ultimas-noticias","tag-situacion-en-siria-centra-reunion-de-representantes-de-los-estados-garantes-con-de-mistura"],"_links":{"self":[{"href":"https:\/\/archive.sana.sy\/es\/index.php?rest_route=\/wp\/v2\/posts\/88951"}],"collection":[{"href":"https:\/\/archive.sana.sy\/es\/index.php?rest_route=\/wp\/v2\/posts"}],"about":[{"href":"https:\/\/archive.sana.sy\/es\/index.php?rest_route=\/wp\/v2\/types\/post"}],"author":[{"embeddable":true,"href":"https:\/\/archive.sana.sy\/es\/index.php?rest_route=\/wp\/v2\/users\/1"}],"replies":[{"embeddable":true,"href":"https:\/\/archive.sana.sy\/es\/index.php?rest_route=%2Fwp%2Fv2%2Fcomments&post=88951"}],"version-history":[{"count":0,"href":"https:\/\/archive.sana.sy\/es\/index.php?rest_route=\/wp\/v2\/posts\/88951\/revisions"}],"wp:featuredmedia":[{"embeddable":true,"href":"https:\/\/archive.sana.sy\/es\/index.php?rest_route=\/wp\/v2\/media\/88952"}],"wp:attachment":[{"href":"https:\/\/archive.sana.sy\/es\/index.php?rest_route=%2Fwp%2Fv2%2Fmedia&parent=88951"}],"wp:term":[{"taxonomy":"category","embeddable":true,"href":"https:\/\/archive.sana.sy\/es\/index.php?rest_route=%2Fwp%2Fv2%2Fcategories&post=88951"},{"taxonomy":"post_tag","embeddable":true,"href":"https:\/\/archive.sana.sy\/es\/index.php?rest_route=%2Fwp%2Fv2%2Ftags&post=88951"}],"curies":[{"name":"wp","href":"https:\/\/api.w.org\/{rel}","templated":true}]}}