{"id":88967,"date":"2018-09-11T22:11:08","date_gmt":"2018-09-11T19:11:08","guid":{"rendered":"http:\/\/www.sana.sy\/es\/?p=88967"},"modified":"2018-09-11T22:11:08","modified_gmt":"2018-09-11T19:11:08","slug":"rusia-advierte-a-occidente-de-lanzar-nueva-agresion-contra-siria","status":"publish","type":"post","link":"https:\/\/archive.sana.sy\/es\/?p=88967","title":{"rendered":"Rusia advierte a Occidente de lanzar nueva agresi\u00f3n contra Siria"},"content":{"rendered":"<p style=\"text-align: justify;\"><span style=\"color: #800000;\">Nueva York, SANA<\/span><\/p>\n<p style=\"text-align: justify;\">Rusia advirti\u00f3 a los pa\u00edses occidentales de lanzar una nueva agresi\u00f3n contra Siria bajo el pretexto del uso de armas qu\u00edmicas.<\/p>\n<p style=\"text-align: justify;\">El embajador ruso ante las Naciones Unidas, Vasili Nebenzia, dijo en una sesi\u00f3n del Consejo de Seguridad de las Naciones Unidas, que Mosc\u00fa no permitir\u00e1 que los terroristas en Idleb utilicen a los civiles como escudos humanos.<\/p>\n<p style=\"text-align: justify;\">Precis\u00f3 que Mosc\u00fa tiene pruebas irrefutables de que los adversarios de Damasco est\u00e1n preparando provocaciones con armas qu\u00edmicas en Siria.<\/p>\n<p style=\"text-align: justify;\">Nebenzia asegur\u00f3 que el Gobierno sirio no planea usar armas qu\u00edmicas ni posee armamento de ese tipo en su arsenal<\/p>\n<p style=\"text-align: justify;\">Nebenzia advirti\u00f3 que \u201cuna serie de pa\u00edses occidentales amenazan con realizar una intervenci\u00f3n militar y lanzar un ataque contra objetivos gubernamentales para responder a un supuesto uso de sustancias qu\u00edmicas por parte de Damasco, como si el presidente Al-Assad hubiera dado la orden de utilizar cloro&#8221;.<\/p>\n<p style=\"text-align: justify;\">Al mismo tiempo, el delegado ruso insisti\u00f3 que &#8220;no se puede permitir que los terroristas tengan como rehenes y empleen como escudos humanos a cientos de miles de civiles en Idleb durante un tiempo indefinido&#8221;.<\/p>\n<p style=\"text-align: justify;\"><span style=\"color: #0000ff;\">F. Marouf\/ Ammar H.<\/span><\/p>\n","protected":false},"excerpt":{"rendered":"<p>Nueva York, SANA Rusia advirti\u00f3 a los pa\u00edses occidentales de lanzar una nueva agresi\u00f3n contra Siria bajo el pretexto del uso de armas qu\u00edmicas. El embajador ruso ante las Naciones Unidas, Vasili Nebenzia, dijo en una sesi\u00f3n del Consejo de Seguridad de las Naciones Unidas, que Mosc\u00fa no permitir\u00e1 que los terroristas en Idleb utilicen &hellip;<\/p>\n","protected":false},"author":1,"featured_media":88969,"comment_status":"closed","ping_status":"closed","sticky":false,"template":"","format":"standard","meta":{"footnotes":""},"categories":[597,467,7541],"tags":[12631],"class_list":["post-88967","post","type-post","status-publish","format-standard","has-post-thumbnail","","category-cinta-de-noticias","category-siria-y-el-mundo","category-ultimas-noticias","tag-rusia-advierte-a-occidente-de-lanzar-nueva-agresion-contra-siria"],"_links":{"self":[{"href":"https:\/\/archive.sana.sy\/es\/index.php?rest_route=\/wp\/v2\/posts\/88967"}],"collection":[{"href":"https:\/\/archive.sana.sy\/es\/index.php?rest_route=\/wp\/v2\/posts"}],"about":[{"href":"https:\/\/archive.sana.sy\/es\/index.php?rest_route=\/wp\/v2\/types\/post"}],"author":[{"embeddable":true,"href":"https:\/\/archive.sana.sy\/es\/index.php?rest_route=\/wp\/v2\/users\/1"}],"replies":[{"embeddable":true,"href":"https:\/\/archive.sana.sy\/es\/index.php?rest_route=%2Fwp%2Fv2%2Fcomments&post=88967"}],"version-history":[{"count":0,"href":"https:\/\/archive.sana.sy\/es\/index.php?rest_route=\/wp\/v2\/posts\/88967\/revisions"}],"wp:featuredmedia":[{"embeddable":true,"href":"https:\/\/archive.sana.sy\/es\/index.php?rest_route=\/wp\/v2\/media\/88969"}],"wp:attachment":[{"href":"https:\/\/archive.sana.sy\/es\/index.php?rest_route=%2Fwp%2Fv2%2Fmedia&parent=88967"}],"wp:term":[{"taxonomy":"category","embeddable":true,"href":"https:\/\/archive.sana.sy\/es\/index.php?rest_route=%2Fwp%2Fv2%2Fcategories&post=88967"},{"taxonomy":"post_tag","embeddable":true,"href":"https:\/\/archive.sana.sy\/es\/index.php?rest_route=%2Fwp%2Fv2%2Ftags&post=88967"}],"curies":[{"name":"wp","href":"https:\/\/api.w.org\/{rel}","templated":true}]}}