{"id":88971,"date":"2018-09-11T20:50:38","date_gmt":"2018-09-11T17:50:38","guid":{"rendered":"http:\/\/www.sana.sy\/es\/?p=88971"},"modified":"2018-09-12T10:45:32","modified_gmt":"2018-09-12T07:45:32","slug":"alaa-damasco-esta-decidido-a-liberar-la-provincia-de-idleb-del-terrorismo","status":"publish","type":"post","link":"https:\/\/archive.sana.sy\/es\/?p=88971","title":{"rendered":"Alaa: Damasco est\u00e1 decidido a liberar la provincia de Idleb del terrorismo"},"content":{"rendered":"<p style=\"text-align: justify;\"><span style=\"color: #800000;\">Ginebra, SANA<\/span><\/p>\n<p style=\"text-align: justify;\">El representante permanente de Siria ante las Naciones Unidas en Ginebra, el embajador Hossam Eddin Alaa, destac\u00f3 la necesidad de respetar los principios de la Carta de las Naciones Unidas, en particular el respeto a la soberan\u00eda de los Estados y a su unidad e integridad territorial, y de abstenerse de interferir en sus asuntos internos.<\/p>\n<p style=\"text-align: justify;\">Durante una sesi\u00f3n del Consejo de Derechos Humanos, Alaa dijo que las declaraciones de los funcionarios de las Naciones Unidas siguen ignorando el terrorismo y las medidas coercitivas unilaterales que son las razones esenciales del sufrimiento de los ciudadanos sirios.<\/p>\n<p style=\"text-align: justify;\">Subray\u00f3 que el Estado sirio est\u00e1 decidido a liberar a Idleb del terrorismo del Frente Al-Nousra y devolverla al control del gobierno como las otras zonas reci\u00e9n liberadas por el Ej\u00e9rcito sirio del terrorismo.<\/p>\n<p style=\"text-align: justify;\">El diplom\u00e1tico sirio reiter\u00f3 la disposici\u00f3n del Estado sirio a cooperar con el Alto Comisionado para los Derechos Humanos sobre la base de la igualdad y el respeto mutuo.<\/p>\n<p style=\"text-align: justify;\">Tambi\u00e9n expres\u00f3 su denuncia a la sistem\u00e1tica campa\u00f1a y las fabricaciones dirigidas por algunos pa\u00edses en el Consejo de Derechos Humanos en contra de Venezuela y Nicaragua, considerando que estas campa\u00f1as tienen consideraciones pol\u00edticas.<\/p>\n<p style=\"text-align: justify;\"><span style=\"color: #0000ff;\">F. Marouf\/ Ammar H.<\/span><\/p>\n","protected":false},"excerpt":{"rendered":"<p>Ginebra, SANA El representante permanente de Siria ante las Naciones Unidas en Ginebra, el embajador Hossam Eddin Alaa, destac\u00f3 la necesidad de respetar los principios de la Carta de las Naciones Unidas, en particular el respeto a la soberan\u00eda de los Estados y a su unidad e integridad territorial, y de abstenerse de interferir en &hellip;<\/p>\n","protected":false},"author":1,"featured_media":88972,"comment_status":"closed","ping_status":"closed","sticky":false,"template":"","format":"standard","meta":{"footnotes":""},"categories":[597,467,583],"tags":[12632],"class_list":["post-88971","post","type-post","status-publish","format-standard","has-post-thumbnail","","category-cinta-de-noticias","category-siria-y-el-mundo","category-slide","tag-alaa-damasco-esta-decidido-a-liberar-la-provincia-de-idleb-del-terrorismo"],"_links":{"self":[{"href":"https:\/\/archive.sana.sy\/es\/index.php?rest_route=\/wp\/v2\/posts\/88971"}],"collection":[{"href":"https:\/\/archive.sana.sy\/es\/index.php?rest_route=\/wp\/v2\/posts"}],"about":[{"href":"https:\/\/archive.sana.sy\/es\/index.php?rest_route=\/wp\/v2\/types\/post"}],"author":[{"embeddable":true,"href":"https:\/\/archive.sana.sy\/es\/index.php?rest_route=\/wp\/v2\/users\/1"}],"replies":[{"embeddable":true,"href":"https:\/\/archive.sana.sy\/es\/index.php?rest_route=%2Fwp%2Fv2%2Fcomments&post=88971"}],"version-history":[{"count":0,"href":"https:\/\/archive.sana.sy\/es\/index.php?rest_route=\/wp\/v2\/posts\/88971\/revisions"}],"wp:featuredmedia":[{"embeddable":true,"href":"https:\/\/archive.sana.sy\/es\/index.php?rest_route=\/wp\/v2\/media\/88972"}],"wp:attachment":[{"href":"https:\/\/archive.sana.sy\/es\/index.php?rest_route=%2Fwp%2Fv2%2Fmedia&parent=88971"}],"wp:term":[{"taxonomy":"category","embeddable":true,"href":"https:\/\/archive.sana.sy\/es\/index.php?rest_route=%2Fwp%2Fv2%2Fcategories&post=88971"},{"taxonomy":"post_tag","embeddable":true,"href":"https:\/\/archive.sana.sy\/es\/index.php?rest_route=%2Fwp%2Fv2%2Ftags&post=88971"}],"curies":[{"name":"wp","href":"https:\/\/api.w.org\/{rel}","templated":true}]}}