{"id":88975,"date":"2018-09-12T08:30:33","date_gmt":"2018-09-12T05:30:33","guid":{"rendered":"http:\/\/www.sana.sy\/es\/?p=88975"},"modified":"2018-09-12T10:46:17","modified_gmt":"2018-09-12T07:46:17","slug":"222-mil-visitantes-en-la-sexta-jornada-de-la-feria-internacional-de-damasco","status":"publish","type":"post","link":"https:\/\/archive.sana.sy\/es\/?p=88975","title":{"rendered":"222 mil visitantes en la sexta jornada de la Feria Internacional de Damasco"},"content":{"rendered":"<p style=\"text-align: justify;\"><span style=\"color: #800000;\">Damasco, SANA<\/span><\/p>\n<p style=\"text-align: justify;\">Durante las horas de la sexta jornada de la 60 edici\u00f3n de la Feria Internacional de Damasco, se registraron m\u00e1s de 222 mil visitantes que se informaron sobre la participaci\u00f3n de 48 pa\u00edses y 1700 compa\u00f1\u00edas, as\u00ed como asistieron a varias actividades comerciales, creativas, art\u00edsticas y musicales que se organizaron en el sexto d\u00eda de este importante evento.<\/p>\n<p style=\"text-align: justify;\">Hasta el momento, m\u00e1s de 850 mil personas visitaron la feria que concluir\u00e1 sus actividades el d\u00eda 15 de este mes<\/p>\n<p style=\"text-align: justify;\">El primer ministro, Imad Khamis, visit\u00f3 el recinto ferial de Expo-Damasco, acompa\u00f1ado por los ministros de Agricultura y de Econom\u00eda y Comercio Exterior, y el presidente de la C\u00e1mara de Industria de Damasco y su campo, donde recorrieron una serie de pabellones y se reunieron con los industriales y hombres de negocios.<\/p>\n<p style=\"text-align: justify;\">Por otro lado, el Establecimiento de Geolog\u00eda y Recursos Minerales firm\u00f3 14 contratos para la inversi\u00f3n y la venta de riquezas minerales con empresas Siria por valor de 500 millones de libras (1.2 millones de d\u00f3lares), adem\u00e1s de firmar un contrato con una empresa extranjera por un valor de 90 millones de d\u00f3lares para la venta de fosfato.<\/p>\n<p style=\"text-align: justify;\"><span style=\"color: #0000ff;\">F. Marouf\/ Ammar H.<\/span><\/p>\n","protected":false},"excerpt":{"rendered":"<p>Damasco, SANA Durante las horas de la sexta jornada de la 60 edici\u00f3n de la Feria Internacional de Damasco, se registraron m\u00e1s de 222 mil visitantes que se informaron sobre la participaci\u00f3n de 48 pa\u00edses y 1700 compa\u00f1\u00edas, as\u00ed como asistieron a varias actividades comerciales, creativas, art\u00edsticas y musicales que se organizaron en el sexto &hellip;<\/p>\n","protected":false},"author":1,"featured_media":88976,"comment_status":"closed","ping_status":"closed","sticky":false,"template":"","format":"standard","meta":{"footnotes":""},"categories":[597,476,583],"tags":[12633],"class_list":["post-88975","post","type-post","status-publish","format-standard","has-post-thumbnail","","category-cinta-de-noticias","category-locales","category-slide","tag-222-mil-visitantes-en-la-sexta-jornada-de-la-feria-internacional-de-damasco"],"_links":{"self":[{"href":"https:\/\/archive.sana.sy\/es\/index.php?rest_route=\/wp\/v2\/posts\/88975"}],"collection":[{"href":"https:\/\/archive.sana.sy\/es\/index.php?rest_route=\/wp\/v2\/posts"}],"about":[{"href":"https:\/\/archive.sana.sy\/es\/index.php?rest_route=\/wp\/v2\/types\/post"}],"author":[{"embeddable":true,"href":"https:\/\/archive.sana.sy\/es\/index.php?rest_route=\/wp\/v2\/users\/1"}],"replies":[{"embeddable":true,"href":"https:\/\/archive.sana.sy\/es\/index.php?rest_route=%2Fwp%2Fv2%2Fcomments&post=88975"}],"version-history":[{"count":0,"href":"https:\/\/archive.sana.sy\/es\/index.php?rest_route=\/wp\/v2\/posts\/88975\/revisions"}],"wp:featuredmedia":[{"embeddable":true,"href":"https:\/\/archive.sana.sy\/es\/index.php?rest_route=\/wp\/v2\/media\/88976"}],"wp:attachment":[{"href":"https:\/\/archive.sana.sy\/es\/index.php?rest_route=%2Fwp%2Fv2%2Fmedia&parent=88975"}],"wp:term":[{"taxonomy":"category","embeddable":true,"href":"https:\/\/archive.sana.sy\/es\/index.php?rest_route=%2Fwp%2Fv2%2Fcategories&post=88975"},{"taxonomy":"post_tag","embeddable":true,"href":"https:\/\/archive.sana.sy\/es\/index.php?rest_route=%2Fwp%2Fv2%2Ftags&post=88975"}],"curies":[{"name":"wp","href":"https:\/\/api.w.org\/{rel}","templated":true}]}}