{"id":88999,"date":"2018-09-12T11:00:22","date_gmt":"2018-09-12T08:00:22","guid":{"rendered":"http:\/\/www.sana.sy\/es\/?p=88999"},"modified":"2018-09-12T11:46:47","modified_gmt":"2018-09-12T08:46:47","slug":"eliminados-terroristas-que-intentaron-romper-cerco-del-ejercito-en-desierto-de-sweida","status":"publish","type":"post","link":"https:\/\/archive.sana.sy\/es\/?p=88999","title":{"rendered":"Eliminados terroristas que intentaron romper cerco del ej\u00e9rcito en desierto de Sweida"},"content":{"rendered":"<p style=\"text-align: justify;\"><span style=\"color: #800000;\">Sweida, SANA<\/span><\/p>\n<p style=\"text-align: justify;\">Unidades del ej\u00e9rcito sirio avanzaron en los montes Al-Safa, \u00faltimo basti\u00f3n de los terroristas del Daesh en el desierto este de la provincia de Sweida, 100 km al sur de la capital Damasco.<\/p>\n<p style=\"text-align: justify;\">Un oficial del ej\u00e9rcito inform\u00f3 que el ej\u00e9rcito control\u00f3 nuevas \u00e1reas en los montes Al-Safa, donde estableci\u00f3 nuevos puntos estrechando a\u00fan m\u00e1s el cerco sobre los que queda de terroristas del Daesh que se esconden en las cuevas y en las grietas rocosas y volc\u00e1nicas.<\/p>\n<p style=\"text-align: justify;\"><span style=\"color: #0000ff;\">F. Marouf\/ Ammar H.<\/span><\/p>\n","protected":false},"excerpt":{"rendered":"<p>Sweida, SANA Unidades del ej\u00e9rcito sirio avanzaron en los montes Al-Safa, \u00faltimo basti\u00f3n de los terroristas del Daesh en el desierto este de la provincia de Sweida, 100 km al sur de la capital Damasco. Un oficial del ej\u00e9rcito inform\u00f3 que el ej\u00e9rcito control\u00f3 nuevas \u00e1reas en los montes Al-Safa, donde estableci\u00f3 nuevos puntos estrechando &hellip;<\/p>\n","protected":false},"author":1,"featured_media":89000,"comment_status":"closed","ping_status":"closed","sticky":false,"template":"","format":"standard","meta":{"footnotes":""},"categories":[597,573,7541],"tags":[12637],"class_list":["post-88999","post","type-post","status-publish","format-standard","has-post-thumbnail","","category-cinta-de-noticias","category-la-realidad-de-los-acontecimientos-en-siria","category-ultimas-noticias","tag-eliminados-terroristas-que-intentaron-romper-cerco-del-ejercito-en-desierto-de-sweida"],"_links":{"self":[{"href":"https:\/\/archive.sana.sy\/es\/index.php?rest_route=\/wp\/v2\/posts\/88999"}],"collection":[{"href":"https:\/\/archive.sana.sy\/es\/index.php?rest_route=\/wp\/v2\/posts"}],"about":[{"href":"https:\/\/archive.sana.sy\/es\/index.php?rest_route=\/wp\/v2\/types\/post"}],"author":[{"embeddable":true,"href":"https:\/\/archive.sana.sy\/es\/index.php?rest_route=\/wp\/v2\/users\/1"}],"replies":[{"embeddable":true,"href":"https:\/\/archive.sana.sy\/es\/index.php?rest_route=%2Fwp%2Fv2%2Fcomments&post=88999"}],"version-history":[{"count":0,"href":"https:\/\/archive.sana.sy\/es\/index.php?rest_route=\/wp\/v2\/posts\/88999\/revisions"}],"wp:featuredmedia":[{"embeddable":true,"href":"https:\/\/archive.sana.sy\/es\/index.php?rest_route=\/wp\/v2\/media\/89000"}],"wp:attachment":[{"href":"https:\/\/archive.sana.sy\/es\/index.php?rest_route=%2Fwp%2Fv2%2Fmedia&parent=88999"}],"wp:term":[{"taxonomy":"category","embeddable":true,"href":"https:\/\/archive.sana.sy\/es\/index.php?rest_route=%2Fwp%2Fv2%2Fcategories&post=88999"},{"taxonomy":"post_tag","embeddable":true,"href":"https:\/\/archive.sana.sy\/es\/index.php?rest_route=%2Fwp%2Fv2%2Ftags&post=88999"}],"curies":[{"name":"wp","href":"https:\/\/api.w.org\/{rel}","templated":true}]}}