{"id":89203,"date":"2018-09-14T18:35:25","date_gmt":"2018-09-14T15:35:25","guid":{"rendered":"http:\/\/www.sana.sy\/es\/?p=89203"},"modified":"2018-09-15T13:07:38","modified_gmt":"2018-09-15T10:07:38","slug":"unidad-del-ejercito-abate-a-un-numero-de-terroristas-en-el-campo-de-hama","status":"publish","type":"post","link":"https:\/\/archive.sana.sy\/es\/?p=89203","title":{"rendered":"Unidad del ej\u00e9rcito abate a un n\u00famero de terroristas en el campo de Hama"},"content":{"rendered":"<p style=\"text-align: justify;\"><span style=\"color: #800000;\">Hama, SANA<\/span><\/p>\n<p style=\"text-align: justify;\">Seg\u00fan el corresponsal SANA en Hama, inform\u00f3 que una unidad del ej\u00e9rcito llev\u00f3 a cabo una operaci\u00f3n concentrada contra miembros de un grupo armado del &#8220;Frente al-Nusra&#8221; durante sus operaciones de purga en las afueras de la ciudad de Janaberah en el campo norte de Hama.<\/p>\n<p style=\"text-align: justify;\">El corresponsal dijo que la operaci\u00f3n se sald\u00f3 con la eliminaci\u00f3n de los miembros del grupo, entre ellos el denominado &#8220;Khaled Tinawi&#8221;, apodado &#8220;Abu Omar Damashqui&#8221;, uno de los l\u00edderes m\u00e1s prominentes de las organizaciones terroristas en la regi\u00f3n.<\/p>\n<p style=\"text-align: justify;\"><span style=\"color: #0000ff;\">Riad Sh.\/ Dr. A. Shaban\u00a0<\/span><\/p>\n","protected":false},"excerpt":{"rendered":"<p>Hama, SANA Seg\u00fan el corresponsal SANA en Hama, inform\u00f3 que una unidad del ej\u00e9rcito llev\u00f3 a cabo una operaci\u00f3n concentrada contra miembros de un grupo armado del &#8220;Frente al-Nusra&#8221; durante sus operaciones de purga en las afueras de la ciudad de Janaberah en el campo norte de Hama. El corresponsal dijo que la operaci\u00f3n se &hellip;<\/p>\n","protected":false},"author":1,"featured_media":89204,"comment_status":"closed","ping_status":"closed","sticky":false,"template":"","format":"standard","meta":{"footnotes":""},"categories":[597,573,476,7541],"tags":[12656],"class_list":["post-89203","post","type-post","status-publish","format-standard","has-post-thumbnail","","category-cinta-de-noticias","category-la-realidad-de-los-acontecimientos-en-siria","category-locales","category-ultimas-noticias","tag-unidad-del-ejercito-abate-a-un-numero-de-terroristas-en-el-campo-de-hama"],"_links":{"self":[{"href":"https:\/\/archive.sana.sy\/es\/index.php?rest_route=\/wp\/v2\/posts\/89203"}],"collection":[{"href":"https:\/\/archive.sana.sy\/es\/index.php?rest_route=\/wp\/v2\/posts"}],"about":[{"href":"https:\/\/archive.sana.sy\/es\/index.php?rest_route=\/wp\/v2\/types\/post"}],"author":[{"embeddable":true,"href":"https:\/\/archive.sana.sy\/es\/index.php?rest_route=\/wp\/v2\/users\/1"}],"replies":[{"embeddable":true,"href":"https:\/\/archive.sana.sy\/es\/index.php?rest_route=%2Fwp%2Fv2%2Fcomments&post=89203"}],"version-history":[{"count":0,"href":"https:\/\/archive.sana.sy\/es\/index.php?rest_route=\/wp\/v2\/posts\/89203\/revisions"}],"wp:featuredmedia":[{"embeddable":true,"href":"https:\/\/archive.sana.sy\/es\/index.php?rest_route=\/wp\/v2\/media\/89204"}],"wp:attachment":[{"href":"https:\/\/archive.sana.sy\/es\/index.php?rest_route=%2Fwp%2Fv2%2Fmedia&parent=89203"}],"wp:term":[{"taxonomy":"category","embeddable":true,"href":"https:\/\/archive.sana.sy\/es\/index.php?rest_route=%2Fwp%2Fv2%2Fcategories&post=89203"},{"taxonomy":"post_tag","embeddable":true,"href":"https:\/\/archive.sana.sy\/es\/index.php?rest_route=%2Fwp%2Fv2%2Ftags&post=89203"}],"curies":[{"name":"wp","href":"https:\/\/api.w.org\/{rel}","templated":true}]}}