{"id":89206,"date":"2018-09-15T09:05:27","date_gmt":"2018-09-15T06:05:27","guid":{"rendered":"http:\/\/www.sana.sy\/es\/?p=89206"},"modified":"2023-01-10T15:16:23","modified_gmt":"2023-01-10T13:16:23","slug":"fotos-numero-de-visitantes-a-la-fid-supera-todas-las-expectativas","status":"publish","type":"post","link":"https:\/\/archive.sana.sy\/es\/?p=89206","title":{"rendered":"Fotos: N\u00famero de visitantes a la FID supera todas las expectativas"},"content":{"rendered":"<p style=\"text-align: justify;\"><span style=\"color: #800000;\">Damasco, SANA<\/span><\/p>\n<p style=\"text-align: justify;\">Por noveno d\u00eda consecutivo, decenas de miles de personas de todas las ciudades sirias y de los pa\u00edses \u00e1rabes y extranjeros, visitaron la Feria Internacional de Damasco (FID).<\/p>\n<p style=\"text-align: justify;\">En la pen\u00faltima jornada de la feria, se registraron m\u00e1s de 500 mil visitas lo que asciende a casi dos millones el n\u00famero de visitantes a la feria desde su inauguraci\u00f3n el d\u00eda 6 de este mes.<\/p>\n<p style=\"text-align: justify;\">La feria se clausura hoy s\u00e1bado con varios eventos comerciales y actividades art\u00edsticas y musicales.<\/p>\n<p><span style=\"color: #0000ff;\">F. Marouf\/ Dr. A. Shaban\u00a0<\/span><\/p>\n<p><img decoding=\"async\" src=\"https:\/\/www.sana.sy\/wp-content\/uploads\/2018\/09\/1-1-4.jpg\" \/><\/p>\n<p><img decoding=\"async\" src=\"https:\/\/www.sana.sy\/wp-content\/uploads\/2018\/09\/1-2-3.jpg\" \/><\/p>\n<p><img decoding=\"async\" src=\"https:\/\/www.sana.sy\/wp-content\/uploads\/2018\/09\/1-3-5.jpg\" \/><\/p>\n<p><img decoding=\"async\" src=\"https:\/\/www.sana.sy\/wp-content\/uploads\/2018\/09\/1-4-3.jpg\" \/><\/p>\n<p><img decoding=\"async\" src=\"https:\/\/www.sana.sy\/wp-content\/uploads\/2018\/09\/1-5-4.jpg\" \/><\/p>\n<p><img decoding=\"async\" src=\"https:\/\/www.sana.sy\/wp-content\/uploads\/2018\/09\/1-6-3.jpg\" \/><\/p>\n<p><img decoding=\"async\" src=\"https:\/\/www.sana.sy\/wp-content\/uploads\/2018\/09\/1-7-3.jpg\" \/><\/p>\n<p><img decoding=\"async\" src=\"https:\/\/www.sana.sy\/wp-content\/uploads\/2018\/09\/1-8-3.jpg\" \/><\/p>\n<p><img decoding=\"async\" src=\"https:\/\/www.sana.sy\/wp-content\/uploads\/2018\/09\/1-10-4.jpg\" \/><\/p>\n<p><img decoding=\"async\" src=\"https:\/\/www.sana.sy\/wp-content\/uploads\/2018\/09\/1-11-3.jpg\" \/><\/p>\n<p><img decoding=\"async\" src=\"https:\/\/www.sana.sy\/wp-content\/uploads\/2018\/09\/1-12-4.jpg\" \/><\/p>\n<p><img decoding=\"async\" src=\"https:\/\/www.sana.sy\/wp-content\/uploads\/2018\/09\/1-13-4.jpg\" \/><\/p>\n<p>&nbsp;<\/p>\n","protected":false},"excerpt":{"rendered":"<p>Damasco, SANA Por noveno d\u00eda consecutivo, decenas de miles de personas de todas las ciudades sirias y de los pa\u00edses \u00e1rabes y extranjeros, visitaron la Feria Internacional de Damasco (FID). En la pen\u00faltima jornada de la feria, se registraron m\u00e1s de 500 mil visitas lo que asciende a casi dos millones el n\u00famero de visitantes &hellip;<\/p>\n","protected":false},"author":1,"featured_media":89207,"comment_status":"closed","ping_status":"closed","sticky":false,"template":"","format":"standard","meta":{"footnotes":""},"categories":[597,485,476,571,583],"tags":[12657],"class_list":["post-89206","post","type-post","status-publish","format-standard","has-post-thumbnail","","category-cinta-de-noticias","category-informes-negocios-y-finanzas","category-locales","category-siria-en-fotos","category-slide","tag-fotos-numero-de-visitantes-a-la-fid-supera-todas-las-expectativas"],"_links":{"self":[{"href":"https:\/\/archive.sana.sy\/es\/index.php?rest_route=\/wp\/v2\/posts\/89206"}],"collection":[{"href":"https:\/\/archive.sana.sy\/es\/index.php?rest_route=\/wp\/v2\/posts"}],"about":[{"href":"https:\/\/archive.sana.sy\/es\/index.php?rest_route=\/wp\/v2\/types\/post"}],"author":[{"embeddable":true,"href":"https:\/\/archive.sana.sy\/es\/index.php?rest_route=\/wp\/v2\/users\/1"}],"replies":[{"embeddable":true,"href":"https:\/\/archive.sana.sy\/es\/index.php?rest_route=%2Fwp%2Fv2%2Fcomments&post=89206"}],"version-history":[{"count":0,"href":"https:\/\/archive.sana.sy\/es\/index.php?rest_route=\/wp\/v2\/posts\/89206\/revisions"}],"wp:featuredmedia":[{"embeddable":true,"href":"https:\/\/archive.sana.sy\/es\/index.php?rest_route=\/wp\/v2\/media\/89207"}],"wp:attachment":[{"href":"https:\/\/archive.sana.sy\/es\/index.php?rest_route=%2Fwp%2Fv2%2Fmedia&parent=89206"}],"wp:term":[{"taxonomy":"category","embeddable":true,"href":"https:\/\/archive.sana.sy\/es\/index.php?rest_route=%2Fwp%2Fv2%2Fcategories&post=89206"},{"taxonomy":"post_tag","embeddable":true,"href":"https:\/\/archive.sana.sy\/es\/index.php?rest_route=%2Fwp%2Fv2%2Ftags&post=89206"}],"curies":[{"name":"wp","href":"https:\/\/api.w.org\/{rel}","templated":true}]}}