{"id":89208,"date":"2018-09-15T10:18:06","date_gmt":"2018-09-15T07:18:06","guid":{"rendered":"http:\/\/www.sana.sy\/es\/?p=89208"},"modified":"2018-09-15T12:50:01","modified_gmt":"2018-09-15T09:50:01","slug":"las-guaguas-del-transporte-urbano-y-el-tren-de-la-feria-internacional-de-damasco-transportan-a-centenares-de-miles-de-visitantes-en-el-9o-dia","status":"publish","type":"post","link":"https:\/\/archive.sana.sy\/es\/?p=89208","title":{"rendered":"Las Guaguas del transporte urbano y el Tren de la Feria Internacional de Damasco transportan a centenares de miles de visitantes en el 9\u00ba d\u00eda"},"content":{"rendered":"<p style=\"text-align: justify;\"><span style=\"color: #800000;\">Damasco, SANA<\/span><\/p>\n<p style=\"text-align: justify;\">Debido a la alta concurrencia en el 9\u00ba d\u00eda de la Feria Internacional de Damasco superando la cifra de 500 mil, el Establecimiento General de Ferias y Mercados Internacionales anunci\u00f3 que los viajes de guaguas y del Tren de la Feria continuaron durante la noche hasta transportar al \u00faltimo visitante de vuelta a la capital.<\/p>\n<p style=\"text-align: justify;\">Seg\u00fan los supervisores de los servicios, se produjo un gran tumulto entre las 10:30 pm y las 12:00 de la noche debido a la salida de decenas de miles de visitantes de la ciudad ferial para dar el viaje de regreso a la capital al finalizarse los eventos del 9\u00ba d\u00eda de la feria, sin embargo esta situaci\u00f3n se fue resolviendo paulatinamente gracias a la intensificaci\u00f3n del servicio de transporte vial y ferroviario.<\/p>\n<p style=\"text-align: justify;\"><span style=\"color: #0000ff;\">Riad Sh.\/ Dr. A. Shaban<\/span><\/p>\n<p><img decoding=\"async\" src=\"http:\/\/www.sana.sy\/wp-content\/uploads\/2018\/09\/2-219.jpg\" \/><\/p>\n<p><img decoding=\"async\" src=\"http:\/\/www.sana.sy\/wp-content\/uploads\/2018\/09\/3-157.jpg\" \/><\/p>\n<p><img decoding=\"async\" src=\"http:\/\/www.sana.sy\/wp-content\/uploads\/2018\/09\/4-116.jpg\" \/><\/p>\n<p><iframe loading=\"lazy\" title=\"\u062d\u0627\u0641\u0644\u0627\u062a \u0627\u0644\u0646\u0642\u0644 \u0627\u0644\u062f\u0627\u062e\u0644\u0649 \u0648\u0642\u0637\u0627\u0631 \u0645\u0639\u0631\u0636 \u062f\u0645\u0634\u0642 \u0627\u0644\u062f\u0648\u0644\u0649 \u062a\u0624\u0645\u0646 \u0646\u0642\u0644 \u0645\u0626\u0627\u062a \u0627\u0644\u0623\u0644\u0627\u0641 \u0645\u0646 \u0627\u0644\u0632\u0648\u0627\u0631\" width=\"618\" height=\"348\" src=\"https:\/\/www.youtube.com\/embed\/17a_SSHu2Do?feature=oembed\" frameborder=\"0\" allow=\"accelerometer; autoplay; clipboard-write; encrypted-media; gyroscope; picture-in-picture; web-share\" referrerpolicy=\"strict-origin-when-cross-origin\" allowfullscreen><\/iframe><\/p>\n<p><img decoding=\"async\" src=\"https:\/\/www.sana.sy\/wp-content\/uploads\/2018\/09\/16-31.jpg\" \/><\/p>\n<p><img decoding=\"async\" src=\"https:\/\/www.sana.sy\/wp-content\/uploads\/2018\/09\/5-123.jpg\" \/><\/p>\n<p><img decoding=\"async\" src=\"https:\/\/www.sana.sy\/wp-content\/uploads\/2018\/09\/6-105.jpg\" \/><\/p>\n<p><img decoding=\"async\" src=\"https:\/\/www.sana.sy\/wp-content\/uploads\/2018\/09\/8-70.jpg\" \/><\/p>\n<p><img decoding=\"async\" src=\"https:\/\/www.sana.sy\/wp-content\/uploads\/2018\/09\/9-65.jpg\" \/><\/p>\n<p><img decoding=\"async\" src=\"https:\/\/www.sana.sy\/wp-content\/uploads\/2018\/09\/10-84.jpg\" \/><\/p>\n<p><img decoding=\"async\" src=\"https:\/\/www.sana.sy\/wp-content\/uploads\/2018\/09\/11-88.jpg\" \/><\/p>\n<p><img decoding=\"async\" src=\"https:\/\/www.sana.sy\/wp-content\/uploads\/2018\/09\/12-50.jpg\" \/><\/p>\n<p><img decoding=\"async\" src=\"https:\/\/www.sana.sy\/wp-content\/uploads\/2018\/09\/13-39.jpg\" \/><\/p>\n<p><img decoding=\"async\" src=\"https:\/\/www.sana.sy\/wp-content\/uploads\/2018\/09\/14-37.jpg\" \/><\/p>\n<p><img decoding=\"async\" src=\"https:\/\/www.sana.sy\/wp-content\/uploads\/2018\/09\/15-40.jpg\" \/><\/p>\n<p>&nbsp;<\/p>\n","protected":false},"excerpt":{"rendered":"<p>Damasco, SANA Debido a la alta concurrencia en el 9\u00ba d\u00eda de la Feria Internacional de Damasco superando la cifra de 500 mil, el Establecimiento General de Ferias y Mercados Internacionales anunci\u00f3 que los viajes de guaguas y del Tren de la Feria continuaron durante la noche hasta transportar al \u00faltimo visitante de vuelta a &hellip;<\/p>\n","protected":false},"author":1,"featured_media":89209,"comment_status":"closed","ping_status":"closed","sticky":false,"template":"","format":"standard","meta":{"footnotes":""},"categories":[597,476,7541,624],"tags":[12658],"class_list":["post-89208","post","type-post","status-publish","format-standard","has-post-thumbnail","","category-cinta-de-noticias","category-locales","category-ultimas-noticias","category-video-sana","tag-las-guaguas-del-transporte-urbano-y-el-tren-de-la-feria-internacional-de-damasco-transportan-a-centenares-de-miles-de-visitantes-en-el-9o-dia"],"_links":{"self":[{"href":"https:\/\/archive.sana.sy\/es\/index.php?rest_route=\/wp\/v2\/posts\/89208"}],"collection":[{"href":"https:\/\/archive.sana.sy\/es\/index.php?rest_route=\/wp\/v2\/posts"}],"about":[{"href":"https:\/\/archive.sana.sy\/es\/index.php?rest_route=\/wp\/v2\/types\/post"}],"author":[{"embeddable":true,"href":"https:\/\/archive.sana.sy\/es\/index.php?rest_route=\/wp\/v2\/users\/1"}],"replies":[{"embeddable":true,"href":"https:\/\/archive.sana.sy\/es\/index.php?rest_route=%2Fwp%2Fv2%2Fcomments&post=89208"}],"version-history":[{"count":0,"href":"https:\/\/archive.sana.sy\/es\/index.php?rest_route=\/wp\/v2\/posts\/89208\/revisions"}],"wp:featuredmedia":[{"embeddable":true,"href":"https:\/\/archive.sana.sy\/es\/index.php?rest_route=\/wp\/v2\/media\/89209"}],"wp:attachment":[{"href":"https:\/\/archive.sana.sy\/es\/index.php?rest_route=%2Fwp%2Fv2%2Fmedia&parent=89208"}],"wp:term":[{"taxonomy":"category","embeddable":true,"href":"https:\/\/archive.sana.sy\/es\/index.php?rest_route=%2Fwp%2Fv2%2Fcategories&post=89208"},{"taxonomy":"post_tag","embeddable":true,"href":"https:\/\/archive.sana.sy\/es\/index.php?rest_route=%2Fwp%2Fv2%2Ftags&post=89208"}],"curies":[{"name":"wp","href":"https:\/\/api.w.org\/{rel}","templated":true}]}}