{"id":89313,"date":"2018-09-15T22:51:17","date_gmt":"2018-09-15T19:51:17","guid":{"rendered":"http:\/\/www.sana.sy\/es\/?p=89313"},"modified":"2018-09-15T22:51:30","modified_gmt":"2018-09-15T19:51:30","slug":"ministro-de-defensa-inspecciona-unidades-militares-que-operan-en-el-frente-de-idleb","status":"publish","type":"post","link":"https:\/\/archive.sana.sy\/es\/?p=89313","title":{"rendered":"Ministro de Defensa inspecciona unidades militares que operan en el frente de Idleb"},"content":{"rendered":"<p style=\"text-align: justify;\"><span style=\"color: #800000;\">Damasco, SANA<\/span><\/p>\n<p style=\"text-align: justify;\">El Ministro de Defensa, el Teniente General Ali Abdullah Ayub, efectu\u00f3 una visita de inspecci\u00f3n a las formaciones militares que operan en los campos de las provincias de Hama, Idleb y Latakia.<\/p>\n<p style=\"text-align: justify;\">La visita del Ministro de Defensa viene en cumplimiento de las indicaciones del Comandante General del Ej\u00e9rcito y las Fuerzas Armadas, el presidente Bashar al-Assad.<\/p>\n<p style=\"text-align: justify;\">El ministro de Defensa se reuni\u00f3 con los combatientes en las l\u00edneas del frente y les transmiti\u00f3 los saludos del presidente Al-Assad y sus deseos de que tengan \u00e9xito en el cumplimiento de sus tareas nacionales.<\/p>\n<p style=\"text-align: justify;\">Los comandante de operaciones explicaron al Teniente General Ayub, las medidas tomadas por las tropas para reforzar su disposici\u00f3n combativa para garantizar el \u00e9xito de las operaciones ulteriores para poner fin a la presencia de cualquier organizaci\u00f3n terrorista en el territorio sirio.<\/p>\n<p style=\"text-align: justify;\">Asimismo, elogi\u00f3 los grandes esfuerzos, la moral combativa y los sacrificios del ej\u00e9rcito para defender el pa\u00eds ante las amenazas y los desaf\u00edos.<\/p>\n<p style=\"text-align: justify;\"><span style=\"color: #0000ff;\">F. M.\/ R. Sh.\/ Dr. A. Sh.<\/span><\/p>\n<p><img decoding=\"async\" src=\"http:\/\/www.sana.sy\/wp-content\/uploads\/2018\/09\/photo_2018-09-15_19-17-51-300x168.jpg\" \/>\u00a0\u00a0<img decoding=\"async\" src=\"http:\/\/www.sana.sy\/wp-content\/uploads\/2018\/09\/photo_2018-09-15_19-18-46-300x168.jpg\" \/><\/p>\n","protected":false},"excerpt":{"rendered":"<p>Damasco, SANA El Ministro de Defensa, el Teniente General Ali Abdullah Ayub, efectu\u00f3 una visita de inspecci\u00f3n a las formaciones militares que operan en los campos de las provincias de Hama, Idleb y Latakia. La visita del Ministro de Defensa viene en cumplimiento de las indicaciones del Comandante General del Ej\u00e9rcito y las Fuerzas Armadas, &hellip;<\/p>\n","protected":false},"author":1,"featured_media":89326,"comment_status":"closed","ping_status":"closed","sticky":false,"template":"","format":"standard","meta":{"footnotes":""},"categories":[597,573,583],"tags":[],"class_list":["post-89313","post","type-post","status-publish","format-standard","has-post-thumbnail","","category-cinta-de-noticias","category-la-realidad-de-los-acontecimientos-en-siria","category-slide"],"_links":{"self":[{"href":"https:\/\/archive.sana.sy\/es\/index.php?rest_route=\/wp\/v2\/posts\/89313"}],"collection":[{"href":"https:\/\/archive.sana.sy\/es\/index.php?rest_route=\/wp\/v2\/posts"}],"about":[{"href":"https:\/\/archive.sana.sy\/es\/index.php?rest_route=\/wp\/v2\/types\/post"}],"author":[{"embeddable":true,"href":"https:\/\/archive.sana.sy\/es\/index.php?rest_route=\/wp\/v2\/users\/1"}],"replies":[{"embeddable":true,"href":"https:\/\/archive.sana.sy\/es\/index.php?rest_route=%2Fwp%2Fv2%2Fcomments&post=89313"}],"version-history":[{"count":0,"href":"https:\/\/archive.sana.sy\/es\/index.php?rest_route=\/wp\/v2\/posts\/89313\/revisions"}],"wp:featuredmedia":[{"embeddable":true,"href":"https:\/\/archive.sana.sy\/es\/index.php?rest_route=\/wp\/v2\/media\/89326"}],"wp:attachment":[{"href":"https:\/\/archive.sana.sy\/es\/index.php?rest_route=%2Fwp%2Fv2%2Fmedia&parent=89313"}],"wp:term":[{"taxonomy":"category","embeddable":true,"href":"https:\/\/archive.sana.sy\/es\/index.php?rest_route=%2Fwp%2Fv2%2Fcategories&post=89313"},{"taxonomy":"post_tag","embeddable":true,"href":"https:\/\/archive.sana.sy\/es\/index.php?rest_route=%2Fwp%2Fv2%2Ftags&post=89313"}],"curies":[{"name":"wp","href":"https:\/\/api.w.org\/{rel}","templated":true}]}}