{"id":89328,"date":"2018-09-15T22:58:36","date_gmt":"2018-09-15T19:58:36","guid":{"rendered":"http:\/\/www.sana.sy\/es\/?p=89328"},"modified":"2023-01-10T15:16:23","modified_gmt":"2023-01-10T13:16:23","slug":"firman-memorando-para-cooperacion-economica-y-comercial-entre-siria-y-brasil","status":"publish","type":"post","link":"https:\/\/archive.sana.sy\/es\/?p=89328","title":{"rendered":"Firman memorando para cooperaci\u00f3n econ\u00f3mica y comercial entre Siria y Brasil"},"content":{"rendered":"<p style=\"text-align: justify;\"><span style=\"color: #800000;\">Damasco, SANA<\/span><\/p>\n<p style=\"text-align: justify;\">El Ministerio de Comercio Interior y la C\u00e1mara de Comercio \u00c1rabe Brasile\u00f1a firmaron un memorando de entendimiento para activar las relaciones de cooperaci\u00f3n econ\u00f3mica y el comercio comercial entre Siria y Brasil.<\/p>\n<p style=\"text-align: justify;\">El memorando fue firmado por el ministro de Comercio Interior y Protecci\u00f3n del Consumidor, Abdullah Al-Ghurabi, y el presidente de la C\u00e1mara Conjunta \u00c1rabe Brasile\u00f1a de Comercio, Robbins Hanoun.<\/p>\n<p style=\"text-align: justify;\">El texto del memorando sienta las bases y los mecanismos adecuados para activar las relaciones econ\u00f3micas y comerciales entre Siria y Brasil, y trabajar para establecer un mercado com\u00fan para las mercanc\u00edas y los productos alimenticios que necesitan los dos pa\u00edses.<\/p>\n<p style=\"text-align: justify;\">De igual manera, el memorando permite a los empresarios de ambos pa\u00edses continuar la consulta y la cooperaci\u00f3n en el establecimiento de proyectos de inversi\u00f3n en Siria y la formaci\u00f3n de un equipo de trabajo conjunto entre las dos partes para garantizar la activaci\u00f3n de la cooperaci\u00f3n econ\u00f3mica entre Siria y Brasil.<\/p>\n<p style=\"text-align: justify;\"><span style=\"color: #0000ff;\">F. Marouf\/ Ammar H.<\/span><\/p>\n","protected":false},"excerpt":{"rendered":"<p>Damasco, SANA El Ministerio de Comercio Interior y la C\u00e1mara de Comercio \u00c1rabe Brasile\u00f1a firmaron un memorando de entendimiento para activar las relaciones de cooperaci\u00f3n econ\u00f3mica y el comercio comercial entre Siria y Brasil. El memorando fue firmado por el ministro de Comercio Interior y Protecci\u00f3n del Consumidor, Abdullah Al-Ghurabi, y el presidente de la &hellip;<\/p>\n","protected":false},"author":1,"featured_media":89329,"comment_status":"closed","ping_status":"closed","sticky":false,"template":"","format":"standard","meta":{"footnotes":""},"categories":[597,485,467,7541],"tags":[],"class_list":["post-89328","post","type-post","status-publish","format-standard","has-post-thumbnail","","category-cinta-de-noticias","category-informes-negocios-y-finanzas","category-siria-y-el-mundo","category-ultimas-noticias"],"_links":{"self":[{"href":"https:\/\/archive.sana.sy\/es\/index.php?rest_route=\/wp\/v2\/posts\/89328"}],"collection":[{"href":"https:\/\/archive.sana.sy\/es\/index.php?rest_route=\/wp\/v2\/posts"}],"about":[{"href":"https:\/\/archive.sana.sy\/es\/index.php?rest_route=\/wp\/v2\/types\/post"}],"author":[{"embeddable":true,"href":"https:\/\/archive.sana.sy\/es\/index.php?rest_route=\/wp\/v2\/users\/1"}],"replies":[{"embeddable":true,"href":"https:\/\/archive.sana.sy\/es\/index.php?rest_route=%2Fwp%2Fv2%2Fcomments&post=89328"}],"version-history":[{"count":0,"href":"https:\/\/archive.sana.sy\/es\/index.php?rest_route=\/wp\/v2\/posts\/89328\/revisions"}],"wp:featuredmedia":[{"embeddable":true,"href":"https:\/\/archive.sana.sy\/es\/index.php?rest_route=\/wp\/v2\/media\/89329"}],"wp:attachment":[{"href":"https:\/\/archive.sana.sy\/es\/index.php?rest_route=%2Fwp%2Fv2%2Fmedia&parent=89328"}],"wp:term":[{"taxonomy":"category","embeddable":true,"href":"https:\/\/archive.sana.sy\/es\/index.php?rest_route=%2Fwp%2Fv2%2Fcategories&post=89328"},{"taxonomy":"post_tag","embeddable":true,"href":"https:\/\/archive.sana.sy\/es\/index.php?rest_route=%2Fwp%2Fv2%2Ftags&post=89328"}],"curies":[{"name":"wp","href":"https:\/\/api.w.org\/{rel}","templated":true}]}}