{"id":89335,"date":"2018-09-16T09:07:46","date_gmt":"2018-09-16T06:07:46","guid":{"rendered":"http:\/\/www.sana.sy\/es\/?p=89335"},"modified":"2023-01-10T15:10:27","modified_gmt":"2023-01-10T13:10:27","slug":"89335","status":"publish","type":"post","link":"https:\/\/archive.sana.sy\/es\/?p=89335","title":{"rendered":"Feria Internacional de Damasco se clausura con \u00e9xito"},"content":{"rendered":"<p><span style=\"color: #800000;\">Damasco, SANA<\/span><\/p>\n<p>La 60 Edici\u00f3n de la Feria Internacional de Damasco fue clausurada la noche del s\u00e1bado.<\/p>\n<p>En su d\u00e9cimo y \u00faltimo d\u00eda, m\u00e1s de 217 mil personas visitaron el recinto ferial de Expo-Damasco y visitaron los pabellones de los 48 pa\u00edses participantes, junto a m\u00e1s de 1740 compa\u00f1\u00edas nacionales, \u00e1rabes y extranjeras.<\/p>\n<p>Seg\u00fan inform\u00f3 un comunicado del Establecimiento General de Mercado y Ferias Internacionales, m\u00e1s de dos millones de personas de todas las ciudades sirias y de los pa\u00edses \u00e1rabes y extranjeros, visitaron la Feria Internacional de Damasco desde su inauguraci\u00f3n el d\u00eda 6 de este mes.<\/p>\n<p>La feria se clausur\u00f3 con varios eventos comerciales y actividades art\u00edsticas y musicales.<\/p>\n<p><span style=\"color: #0000ff;\">F. Marouf\/ Dr. A. Shaban<\/span><\/p>\n<p><img decoding=\"async\" src=\"http:\/\/www.sana.sy\/wp-content\/uploads\/2018\/09\/2-235-300x189.jpg\" \/><\/p>\n<p><img decoding=\"async\" src=\"http:\/\/www.sana.sy\/wp-content\/uploads\/2018\/09\/1000-5-300x200.jpg\" \/><\/p>\n<p><img decoding=\"async\" src=\"https:\/\/www.sana.sy\/wp-content\/uploads\/2018\/09\/3000-1.jpg\" \/><\/p>\n<p><img decoding=\"async\" src=\"https:\/\/www.sana.sy\/wp-content\/uploads\/2018\/09\/2000.jpg\" \/><\/p>\n<p><iframe loading=\"lazy\" title=\"\u0628\u0646\u0643\u0647\u0629 \u0633\u0648\u0631\u064a\u0629 \u062e\u0627\u0644\u0635\u0629 \u0627\u0644\u0628\u0631\u0646\u0627\u0645\u062c \u0627\u0644\u0641\u0646\u064a \u0644\u0645\u0639\u0631\u0636 \u062f\u0645\u0634\u0642 \u064a\u062e\u062a\u062a\u0645 \u0641\u0639\u0627\u0644\u064a\u0627\u062a \u0627\u0644\u062f\u0648\u0631\u0629 \u0627\u0644\u064060\" width=\"618\" height=\"348\" src=\"https:\/\/www.youtube.com\/embed\/pau_ubgs8XU?feature=oembed\" frameborder=\"0\" allow=\"accelerometer; autoplay; clipboard-write; encrypted-media; gyroscope; picture-in-picture; web-share\" referrerpolicy=\"strict-origin-when-cross-origin\" allowfullscreen><\/iframe><\/p>\n<p>&nbsp;<\/p>\n<p>&nbsp;<\/p>\n<p>&nbsp;<\/p>\n","protected":false},"excerpt":{"rendered":"<p>Damasco, SANA La 60 Edici\u00f3n de la Feria Internacional de Damasco fue clausurada la noche del s\u00e1bado. En su d\u00e9cimo y \u00faltimo d\u00eda, m\u00e1s de 217 mil personas visitaron el recinto ferial de Expo-Damasco y visitaron los pabellones de los 48 pa\u00edses participantes, junto a m\u00e1s de 1740 compa\u00f1\u00edas nacionales, \u00e1rabes y extranjeras. Seg\u00fan inform\u00f3 &hellip;<\/p>\n","protected":false},"author":1,"featured_media":89336,"comment_status":"closed","ping_status":"closed","sticky":false,"template":"","format":"standard","meta":{"footnotes":""},"categories":[597,485,476,583],"tags":[12667],"class_list":["post-89335","post","type-post","status-publish","format-standard","has-post-thumbnail","","category-cinta-de-noticias","category-informes-negocios-y-finanzas","category-locales","category-slide","tag-feria-internacional-de-damasco-se-clausura-con-exito"],"_links":{"self":[{"href":"https:\/\/archive.sana.sy\/es\/index.php?rest_route=\/wp\/v2\/posts\/89335"}],"collection":[{"href":"https:\/\/archive.sana.sy\/es\/index.php?rest_route=\/wp\/v2\/posts"}],"about":[{"href":"https:\/\/archive.sana.sy\/es\/index.php?rest_route=\/wp\/v2\/types\/post"}],"author":[{"embeddable":true,"href":"https:\/\/archive.sana.sy\/es\/index.php?rest_route=\/wp\/v2\/users\/1"}],"replies":[{"embeddable":true,"href":"https:\/\/archive.sana.sy\/es\/index.php?rest_route=%2Fwp%2Fv2%2Fcomments&post=89335"}],"version-history":[{"count":0,"href":"https:\/\/archive.sana.sy\/es\/index.php?rest_route=\/wp\/v2\/posts\/89335\/revisions"}],"wp:featuredmedia":[{"embeddable":true,"href":"https:\/\/archive.sana.sy\/es\/index.php?rest_route=\/wp\/v2\/media\/89336"}],"wp:attachment":[{"href":"https:\/\/archive.sana.sy\/es\/index.php?rest_route=%2Fwp%2Fv2%2Fmedia&parent=89335"}],"wp:term":[{"taxonomy":"category","embeddable":true,"href":"https:\/\/archive.sana.sy\/es\/index.php?rest_route=%2Fwp%2Fv2%2Fcategories&post=89335"},{"taxonomy":"post_tag","embeddable":true,"href":"https:\/\/archive.sana.sy\/es\/index.php?rest_route=%2Fwp%2Fv2%2Ftags&post=89335"}],"curies":[{"name":"wp","href":"https:\/\/api.w.org\/{rel}","templated":true}]}}