{"id":89340,"date":"2018-09-16T08:49:50","date_gmt":"2018-09-16T05:49:50","guid":{"rendered":"http:\/\/www.sana.sy\/es\/?p=89340"},"modified":"2018-09-16T09:53:34","modified_gmt":"2018-09-16T06:53:34","slug":"defensa-ruso-terroristas-trasladan-cloro-a-idlib-para-llevar-a-cabo-provocacion-con-armas-quimicas","status":"publish","type":"post","link":"https:\/\/archive.sana.sy\/es\/?p=89340","title":{"rendered":"Defensa ruso: terroristas trasladan cloro a Idlib para llevar a cabo provocaci\u00f3n con armas qu\u00edmicas"},"content":{"rendered":"<p><span style=\"color: #800000;\">Mosc\u00fa, SANA<\/span><\/p>\n<p>El Ministerio de Defensa ruso denunci\u00f3 nuevamente que los terroristas trasladaron contenedores con cloro a la provincia siria de Idleb para llevar a cabo una provocaci\u00f3n con armas qu\u00edmicas.<\/p>\n<p>El jefe del Centro ruso para Reconciliaci\u00f3n en la base de Hemeimem en Latakia, el general Vlad\u00edmir S\u00e1vchenko, comunic\u00f3 que &#8220;los terroristas del Frente Al-Nousra trasladaron varios contenedores con cloro a la localidad de Besankel de la provincia de Idlib.<\/p>\n<p>El portavoz del Ministerio de Defensa ruso, \u00cdgor Konash\u00e9nkov, advirti\u00f3 antes que la coalici\u00f3n encabezada por EEUU utilizar\u00eda ese &#8220;montaje&#8221; El Ministerio de Defensa ruso hab\u00eda denunciado que los terroristas acordaron un plan para escenificar ataques qu\u00edmicos en cuatro localidades de Siria, ubicadas en la gobernaci\u00f3n de Idlib.<\/p>\n<p>Tambi\u00e9n explic\u00f3 que varias cadenas de Oriente Pr\u00f3ximo y un canal de EEUU hab\u00edan filmado en Idlib nueve v\u00eddeos donde se escenifica un &#8220;ataque qu\u00edmico de las fuerzas gubernamentales&#8221; sirias, como pretexto para atacar las instalaciones del Estado sirio.<\/p>\n<p><span style=\"color: #0000ff;\">F. Marouf\/ Dr. A. Shaban<\/span><\/p>\n<p>&nbsp;<\/p>\n","protected":false},"excerpt":{"rendered":"<p>Mosc\u00fa, SANA El Ministerio de Defensa ruso denunci\u00f3 nuevamente que los terroristas trasladaron contenedores con cloro a la provincia siria de Idleb para llevar a cabo una provocaci\u00f3n con armas qu\u00edmicas. El jefe del Centro ruso para Reconciliaci\u00f3n en la base de Hemeimem en Latakia, el general Vlad\u00edmir S\u00e1vchenko, comunic\u00f3 que &#8220;los terroristas del Frente &hellip;<\/p>\n","protected":false},"author":1,"featured_media":89341,"comment_status":"closed","ping_status":"closed","sticky":false,"template":"","format":"standard","meta":{"footnotes":""},"categories":[597,573,467,7541],"tags":[12668],"class_list":["post-89340","post","type-post","status-publish","format-standard","has-post-thumbnail","","category-cinta-de-noticias","category-la-realidad-de-los-acontecimientos-en-siria","category-siria-y-el-mundo","category-ultimas-noticias","tag-defensa-ruso-terroristas-trasladan-cloro-a-idlib-para-llevar-a-cabo-provocacion-con-armas-quimicas"],"_links":{"self":[{"href":"https:\/\/archive.sana.sy\/es\/index.php?rest_route=\/wp\/v2\/posts\/89340"}],"collection":[{"href":"https:\/\/archive.sana.sy\/es\/index.php?rest_route=\/wp\/v2\/posts"}],"about":[{"href":"https:\/\/archive.sana.sy\/es\/index.php?rest_route=\/wp\/v2\/types\/post"}],"author":[{"embeddable":true,"href":"https:\/\/archive.sana.sy\/es\/index.php?rest_route=\/wp\/v2\/users\/1"}],"replies":[{"embeddable":true,"href":"https:\/\/archive.sana.sy\/es\/index.php?rest_route=%2Fwp%2Fv2%2Fcomments&post=89340"}],"version-history":[{"count":0,"href":"https:\/\/archive.sana.sy\/es\/index.php?rest_route=\/wp\/v2\/posts\/89340\/revisions"}],"wp:featuredmedia":[{"embeddable":true,"href":"https:\/\/archive.sana.sy\/es\/index.php?rest_route=\/wp\/v2\/media\/89341"}],"wp:attachment":[{"href":"https:\/\/archive.sana.sy\/es\/index.php?rest_route=%2Fwp%2Fv2%2Fmedia&parent=89340"}],"wp:term":[{"taxonomy":"category","embeddable":true,"href":"https:\/\/archive.sana.sy\/es\/index.php?rest_route=%2Fwp%2Fv2%2Fcategories&post=89340"},{"taxonomy":"post_tag","embeddable":true,"href":"https:\/\/archive.sana.sy\/es\/index.php?rest_route=%2Fwp%2Fv2%2Ftags&post=89340"}],"curies":[{"name":"wp","href":"https:\/\/api.w.org\/{rel}","templated":true}]}}