{"id":89343,"date":"2018-09-16T09:38:05","date_gmt":"2018-09-16T06:38:05","guid":{"rendered":"http:\/\/www.sana.sy\/es\/?p=89343"},"modified":"2018-09-16T10:13:21","modified_gmt":"2018-09-16T07:13:21","slug":"los-sirios-empiezan-a-votar-en-las-elecciones-municipales-y-provinciales","status":"publish","type":"post","link":"https:\/\/archive.sana.sy\/es\/?p=89343","title":{"rendered":"Los sirios empiezan a votar en las elecciones municipales y provinciales"},"content":{"rendered":"<p><span style=\"color: #800000;\">Damasco, SANA<\/span><\/p>\n<p>Los colegios electorales han abierto sus puertas para que los sirios ejerzan su derecho al voto en las elecciones municipales y provinciales.<\/p>\n<p>Los ciudadanos votar\u00e1n para elegir a sus representantes de entre m\u00e1s de 40 mil candidatos que compiten por 18.478 esca\u00f1os en las elecciones.<\/p>\n<p>Las urnas cierran a las 19:00 horas del d\u00eda de hoy, y las Alta Comisi\u00f3n Electoral tiene facultades para extender el proceso electoral por cinco, en todos o en algunos colegios electorales.<\/p>\n<p>El art\u00edculo No. 132 de la Constituci\u00f3n siria aprobada en el a\u00f1o 2012, estipula la organizaci\u00f3n de elecciones municipales en las que se dan poderes y facultades descentralizadas.<\/p>\n<p>En un comunicado emitido el s\u00e1bado, el Ministerio de Administraci\u00f3n Local y Medio Ambiente afirm\u00f3 haber concluido todos los preparativos y medidas adecuadas para la buena marcha del proceso electoral.<\/p>\n<p><span style=\"color: #0000ff;\">F. Marouf\/ Dr. A. Shaban<\/span><\/p>\n<p><img decoding=\"async\" src=\"https:\/\/www.sana.sy\/wp-content\/uploads\/2018\/09\/der-ezzour-12.jpg\" \/><\/p>\n<p><img decoding=\"async\" src=\"https:\/\/www.sana.sy\/wp-content\/uploads\/2018\/09\/der-ezzour-11.jpg\" \/><\/p>\n<p><img decoding=\"async\" src=\"https:\/\/www.sana.sy\/wp-content\/uploads\/2018\/09\/damasss11.jpg\" \/><\/p>\n<p><img decoding=\"async\" src=\"https:\/\/www.sana.sy\/wp-content\/uploads\/2018\/09\/100-21.jpg\" \/><\/p>\n<p><img decoding=\"async\" src=\"https:\/\/www.sana.sy\/wp-content\/uploads\/2018\/09\/homsss-13-1.jpg\" \/><\/p>\n<p><img decoding=\"async\" src=\"https:\/\/www.sana.sy\/wp-content\/uploads\/2018\/09\/homsss-12-1.jpg\" \/><\/p>\n<p><img decoding=\"async\" src=\"https:\/\/www.sana.sy\/wp-content\/uploads\/2018\/09\/daraa11.jpg\" \/><\/p>\n<p><img decoding=\"async\" src=\"https:\/\/www.sana.sy\/wp-content\/uploads\/2018\/09\/daraa11.jpg\" \/><\/p>\n<p><img decoding=\"async\" src=\"https:\/\/www.sana.sy\/wp-content\/uploads\/2018\/09\/qunaiterra.jpg\" \/><\/p>\n<p><img decoding=\"async\" src=\"https:\/\/www.sana.sy\/wp-content\/uploads\/2018\/09\/qunaiteraaaa.jpg\" \/><\/p>\n<p><img decoding=\"async\" src=\"https:\/\/www.sana.sy\/wp-content\/uploads\/2018\/09\/reef-diamashk.jpg\" \/><\/p>\n<p><img decoding=\"async\" src=\"https:\/\/www.sana.sy\/wp-content\/uploads\/2018\/09\/reeef-dimashk-11.jpg\" \/><\/p>\n<p><img decoding=\"async\" src=\"https:\/\/www.sana.sy\/wp-content\/uploads\/2018\/09\/100-20.jpg\" \/><\/p>\n<p><img decoding=\"async\" src=\"https:\/\/www.sana.sy\/wp-content\/uploads\/2018\/09\/200-10.jpg\" \/><\/p>\n<p><img decoding=\"async\" src=\"https:\/\/www.sana.sy\/wp-content\/uploads\/2018\/09\/500-5.jpg\" \/><\/p>\n<p><img decoding=\"async\" src=\"https:\/\/www.sana.sy\/wp-content\/uploads\/2018\/09\/600-3.jpg\" \/><\/p>\n<p><img decoding=\"async\" src=\"https:\/\/www.sana.sy\/wp-content\/uploads\/2018\/09\/300-6.jpg\" \/><\/p>\n<p><img decoding=\"async\" src=\"https:\/\/www.sana.sy\/wp-content\/uploads\/2018\/09\/400-8.jpg\" \/><\/p>\n<p><img decoding=\"async\" src=\"https:\/\/www.sana.sy\/wp-content\/uploads\/2018\/09\/300-7.jpg\" \/><\/p>\n<p><img decoding=\"async\" src=\"https:\/\/www.sana.sy\/wp-content\/uploads\/2018\/09\/600-4.jpg\" \/><\/p>\n<p><img decoding=\"async\" src=\"https:\/\/www.sana.sy\/wp-content\/uploads\/2018\/09\/lattakia-12.jpg\" \/><\/p>\n<p><img decoding=\"async\" src=\"https:\/\/www.sana.sy\/wp-content\/uploads\/2018\/09\/lattakia-11.jpg\" \/><\/p>\n<p><img decoding=\"async\" src=\"https:\/\/www.sana.sy\/wp-content\/uploads\/2018\/09\/tartoussssss-1.jpg\" \/><\/p>\n<p>&nbsp;<\/p>\n","protected":false},"excerpt":{"rendered":"<p>Damasco, SANA Los colegios electorales han abierto sus puertas para que los sirios ejerzan su derecho al voto en las elecciones municipales y provinciales. Los ciudadanos votar\u00e1n para elegir a sus representantes de entre m\u00e1s de 40 mil candidatos que compiten por 18.478 esca\u00f1os en las elecciones. Las urnas cierran a las 19:00 horas del &hellip;<\/p>\n","protected":false},"author":1,"featured_media":89344,"comment_status":"closed","ping_status":"closed","sticky":false,"template":"","format":"standard","meta":{"footnotes":""},"categories":[597,476,583],"tags":[12669],"class_list":["post-89343","post","type-post","status-publish","format-standard","has-post-thumbnail","","category-cinta-de-noticias","category-locales","category-slide","tag-los-sirios-empiezan-a-votar-en-las-elecciones-municipales-y-provinciales"],"_links":{"self":[{"href":"https:\/\/archive.sana.sy\/es\/index.php?rest_route=\/wp\/v2\/posts\/89343"}],"collection":[{"href":"https:\/\/archive.sana.sy\/es\/index.php?rest_route=\/wp\/v2\/posts"}],"about":[{"href":"https:\/\/archive.sana.sy\/es\/index.php?rest_route=\/wp\/v2\/types\/post"}],"author":[{"embeddable":true,"href":"https:\/\/archive.sana.sy\/es\/index.php?rest_route=\/wp\/v2\/users\/1"}],"replies":[{"embeddable":true,"href":"https:\/\/archive.sana.sy\/es\/index.php?rest_route=%2Fwp%2Fv2%2Fcomments&post=89343"}],"version-history":[{"count":0,"href":"https:\/\/archive.sana.sy\/es\/index.php?rest_route=\/wp\/v2\/posts\/89343\/revisions"}],"wp:featuredmedia":[{"embeddable":true,"href":"https:\/\/archive.sana.sy\/es\/index.php?rest_route=\/wp\/v2\/media\/89344"}],"wp:attachment":[{"href":"https:\/\/archive.sana.sy\/es\/index.php?rest_route=%2Fwp%2Fv2%2Fmedia&parent=89343"}],"wp:term":[{"taxonomy":"category","embeddable":true,"href":"https:\/\/archive.sana.sy\/es\/index.php?rest_route=%2Fwp%2Fv2%2Fcategories&post=89343"},{"taxonomy":"post_tag","embeddable":true,"href":"https:\/\/archive.sana.sy\/es\/index.php?rest_route=%2Fwp%2Fv2%2Ftags&post=89343"}],"curies":[{"name":"wp","href":"https:\/\/api.w.org\/{rel}","templated":true}]}}