{"id":89346,"date":"2018-09-16T10:28:13","date_gmt":"2018-09-16T07:28:13","guid":{"rendered":"http:\/\/www.sana.sy\/es\/?p=89346"},"modified":"2023-01-10T15:16:22","modified_gmt":"2023-01-10T13:16:22","slug":"principales-noticias-economicas-y-comerciales-sobre-la-recien-clausurada-feria-de-damasco","status":"publish","type":"post","link":"https:\/\/archive.sana.sy\/es\/?p=89346","title":{"rendered":"Principales noticias econ\u00f3micas y comerciales sobre la reci\u00e9n clausurada Feria de Damasco"},"content":{"rendered":"<p><span style=\"color: #800000;\">Damasco, SANA<\/span><\/p>\n<p>A continuaci\u00f3n daremos a conocer principales noticias sobre la reci\u00e9n clausurada Feria Internacional de Damasco&#8230;<\/p>\n<p><span style=\"color: #0000ff;\">Se clausura con \u00e9xito 60 Edici\u00f3n de la Feria Internacional de Damasco<\/span><\/p>\n<p>La 60 Edici\u00f3n de la Feria Internacional de Damasco fue clausurada con \u00e9xito la noche del s\u00e1bado.<\/p>\n<p>En su d\u00e9cimo y \u00faltimo d\u00eda, m\u00e1s de 217 mil personas acudieron al recinto ferial de Expo-Damasco y visitaron los pabellones de los 48 pa\u00edses participantes, junto a m\u00e1s de 1740 compa\u00f1\u00edas nacionales, \u00e1rabes y extranjeras.<\/p>\n<p>Seg\u00fan inform\u00f3 un comunicado del Establecimiento General de Mercado y Ferias Internacionales, m\u00e1s de dos millones de personas de todas las ciudades sirias y de los pa\u00edses \u00e1rabes y extranjeros, visitaron la Feria Internacional de Damasco desde su inauguraci\u00f3n el d\u00eda 6 de este mes.<\/p>\n<p>La feria se clausur\u00f3 con varios eventos comerciales y actividades art\u00edsticas y musicales.<\/p>\n<p><span style=\"color: #0000ff;\">Primer Ministro: Feria de Damasco es plataforma para la reconstrucci\u00f3n y producci\u00f3n<\/span><\/p>\n<p>El primer ministro, Imad Khamis, se reuni\u00f3 con un n\u00famero de representantes de empresas y hombres de negocios nacionales, \u00e1rabes y extranjeros, participantes en la Feria Internacional de Damasco.<\/p>\n<p>Durante el encuentro, los reunidos intercambiaron puntos de vista sobre las actividades de la Feria, y las ideas y propuestas para abordar cualquier obst\u00e1culo relacionado con las transferencias bancarias, flete e impuestos, adem\u00e1s del transporte de materia prima desde Siria a otros pa\u00edses.<\/p>\n<p>Khamis hizo una panor\u00e1mica sobre la estrategia del gobierno para activar el ciclo econ\u00f3mico y la inversi\u00f3n en Siria en la pr\u00f3xima etapa.<\/p>\n<p>Agreg\u00f3 que el gobierno plante\u00f3 50 proyectos para la reconstrucci\u00f3n de la infraestructura en Siria, indicando que la Feria de Damasco representa una plataforma para la reconstrucci\u00f3n y producci\u00f3n.<\/p>\n<p><span style=\"color: #0000ff;\">Firman contratos para exportar productos sirios a Kuwait<\/span><\/p>\n<p>Varios empresarios sirios residentes en Kuwait firmaron contratos para exportaci\u00f3n de productos sirios por valor de 700 mil d\u00f3lares.<\/p>\n<p>La firma de los contratos se produjo en el marco de la 60 edici\u00f3n de la Feria Internacional de Damasco, y estipulan la exportaci\u00f3n de productos textiles y alimentarios sirios.<\/p>\n<p>Fahed Khudair,el jefe de la delegaci\u00f3n de empresarios sirios que residen en Kuwait, dijo que la firma de contratos es de suma importancia ya que reabren los mercados kuwait\u00edes ante los productos sirios y alentara los comerciantes kuwait\u00edes para activar las relaciones comerciales entre los dos pa\u00edses.<\/p>\n<p>Khudair hizo un llamado a los empresarios sirios en el exterior para que apoyen la econom\u00eda de su pa\u00eds.<\/p>\n<p><span style=\"color: #0000ff;\">Establecimiento de Geolog\u00eda y Recursos Minerales firma 14 contratos con compa\u00f1\u00edas sirias y extranjeras<\/span><\/p>\n<p>El Establecimiento General de Geolog\u00eda y Recursos Minerales firm\u00f3 contratos para la inversi\u00f3n y venta de recursos minerales con compa\u00f1\u00edas sirias por valor de 500 millones de libras (1.2 millones de d\u00f3lares) y un contrato de venta con una empresa extranjera por valor de 90 millones de d\u00f3lares.<\/p>\n<p>La firma de los contratos que llegaron a 14, fue en el marco de las actividades de la 60 edici\u00f3n de la Feria Internacional de Damasco, y uno de ellos es un contrato para la venta de fosfato.<\/p>\n<p>El ingeniero Samir al-Assad, director general de la fundaci\u00f3n, dijo en una declaraci\u00f3n a la prensa, que estos contratos vinieron despu\u00e9s de una visita de varios inversionistas al pabell\u00f3n del Ministerio de Petr\u00f3leo y Recursos Minerales, y conocer de cerca las materias primas existentes en el pa\u00eds, principalmente el m\u00e1rmol, la sal, la arena de cuarzo y el fosfato, y las facilidades y beneficios que ofrece la instituci\u00f3n a los inversionistas.<\/p>\n<p><span style=\"color: #0000ff;\">Firman acuerdos para exportaci\u00f3n de productos sirios a Irak, Kuwait y Rusia<\/span><\/p>\n<p>La Federaci\u00f3n de Exportadores Sirios firm\u00f3 cuatro acuerdos con empresas iraqu\u00edes, kuwait\u00edes y rusas para la exportaci\u00f3n de varios productos agr\u00edcolas a los mercados de los pa\u00edses antes mencionados.<\/p>\n<p>La firma de los acuerdos tuvo lugar en el pabell\u00f3n asignados para exhibir los productos sirios para la exportaci\u00f3n, y en el marco de la 60 edici\u00f3n de la Feria Internacional de Damasco.<\/p>\n<p>Eyad Mohammed, miembro de la Federaci\u00f3n Siria de Exportadores, dijo que se firmaron varios acuerdos y contratos con algunas de las empresas extranjeras que participan en la feria, indicando que la mayor\u00eda de los contratos son para la exportaci\u00f3n de productos agr\u00edcolas.<\/p>\n<p>Varios hombres de negocios afirmaron que los productos sirios tienen una alta calidad lo cual les motiv\u00f3 a firmar los acuerdos.<\/p>\n<p><span style=\"color: #0000ff;\">Cuba, Venezuela y Sud\u00e1frica participan en Feria Internacional de Damasco<\/span><\/p>\n<p>El Embajador de la Rep\u00fablica Bolivariana de Venezuela, Imad Saab, dijo que la participaci\u00f3n de su pa\u00eds en la Feria Internacional de Damasco confirma la profunda amistad entre Siria y Venezuela.<\/p>\n<p>En declaraciones a SANA, Saab dijo que el pabell\u00f3n de Venezuela se exhiben fotograf\u00edas y videoclips que permiten a los visitantes conocer la diversidad cultural que caracteriza este pa\u00eds sudamericano y su civilizaci\u00f3n.<\/p>\n<p>Pablo Ginarte, del pabell\u00f3n de Cuba, afirm\u00f3 que la participaci\u00f3n de su pa\u00eds en la Feria es para reiterar el respaldo de Cuba al pueblo sirio, se\u00f1alando que \u201cen el pabell\u00f3n cubano se muestran fotograf\u00edas de los sitios tur\u00edsticos en Cuba y sobre las oportunidades comerciales en Cuba.<\/p>\n<p>A su vez, la Embajada de Sud\u00e1frica destac\u00f3 el inter\u00e9s de varias empresas sudafricanos en la participaci\u00f3n en la reconstrucci\u00f3n de Siria.<\/p>\n<p><span style=\"color: #0000ff;\">Bielorrusia y Checa: promover la cooperaci\u00f3n con Siria en todos los \u00e1mbitos<\/span><\/p>\n<p>Los participantes en el pabell\u00f3n de Bielorrusia en la Feria Internacional de Damasco afirmaron que su pa\u00eds elev\u00f3 el nivel de su participaci\u00f3n con esperanzas de firmar varios contratos con la parte Siria.<\/p>\n<p>Precisaron que 10 firmas bielorrusas participan en la Feria y son especializadas particularmente en las industrias de alimentos y medicinas.<\/p>\n<p>A su vez, el responsable del pabell\u00f3n de la Rep\u00fablica Checa destac\u00f3 que varias empresas checas trabajan por volver a Siria, especialmente aquellas que laboran en los \u00e1mbitos de la irrigaci\u00f3n y las presas.<\/p>\n<p><span style=\"color: #0000ff;\">F. Marouf\/ Dr. A. Shaban<\/span><\/p>\n","protected":false},"excerpt":{"rendered":"<p>Damasco, SANA A continuaci\u00f3n daremos a conocer principales noticias sobre la reci\u00e9n clausurada Feria Internacional de Damasco&#8230; Se clausura con \u00e9xito 60 Edici\u00f3n de la Feria Internacional de Damasco La 60 Edici\u00f3n de la Feria Internacional de Damasco fue clausurada con \u00e9xito la noche del s\u00e1bado. En su d\u00e9cimo y \u00faltimo d\u00eda, m\u00e1s de 217 &hellip;<\/p>\n","protected":false},"author":1,"featured_media":89261,"comment_status":"closed","ping_status":"closed","sticky":false,"template":"","format":"standard","meta":{"footnotes":""},"categories":[597,485,476,7541],"tags":[12670],"class_list":["post-89346","post","type-post","status-publish","format-standard","has-post-thumbnail","","category-cinta-de-noticias","category-informes-negocios-y-finanzas","category-locales","category-ultimas-noticias","tag-principales-noticias-economicas-y-comerciales-sobre-la-recien-clausurada-feria-de-damasco"],"_links":{"self":[{"href":"https:\/\/archive.sana.sy\/es\/index.php?rest_route=\/wp\/v2\/posts\/89346"}],"collection":[{"href":"https:\/\/archive.sana.sy\/es\/index.php?rest_route=\/wp\/v2\/posts"}],"about":[{"href":"https:\/\/archive.sana.sy\/es\/index.php?rest_route=\/wp\/v2\/types\/post"}],"author":[{"embeddable":true,"href":"https:\/\/archive.sana.sy\/es\/index.php?rest_route=\/wp\/v2\/users\/1"}],"replies":[{"embeddable":true,"href":"https:\/\/archive.sana.sy\/es\/index.php?rest_route=%2Fwp%2Fv2%2Fcomments&post=89346"}],"version-history":[{"count":0,"href":"https:\/\/archive.sana.sy\/es\/index.php?rest_route=\/wp\/v2\/posts\/89346\/revisions"}],"wp:featuredmedia":[{"embeddable":true,"href":"https:\/\/archive.sana.sy\/es\/index.php?rest_route=\/wp\/v2\/media\/89261"}],"wp:attachment":[{"href":"https:\/\/archive.sana.sy\/es\/index.php?rest_route=%2Fwp%2Fv2%2Fmedia&parent=89346"}],"wp:term":[{"taxonomy":"category","embeddable":true,"href":"https:\/\/archive.sana.sy\/es\/index.php?rest_route=%2Fwp%2Fv2%2Fcategories&post=89346"},{"taxonomy":"post_tag","embeddable":true,"href":"https:\/\/archive.sana.sy\/es\/index.php?rest_route=%2Fwp%2Fv2%2Ftags&post=89346"}],"curies":[{"name":"wp","href":"https:\/\/api.w.org\/{rel}","templated":true}]}}