{"id":89364,"date":"2018-09-17T08:40:50","date_gmt":"2018-09-17T05:40:50","guid":{"rendered":"http:\/\/www.sana.sy\/es\/?p=89364"},"modified":"2018-09-17T11:10:21","modified_gmt":"2018-09-17T08:10:21","slug":"empieza-conteo-de-votos-en-las-elecciones-municipales","status":"publish","type":"post","link":"https:\/\/archive.sana.sy\/es\/?p=89364","title":{"rendered":"Empieza conteo de votos en las elecciones municipales"},"content":{"rendered":"<p style=\"text-align: justify;\"><span style=\"color: #800000;\">Damasco, SANA<\/span><\/p>\n<p style=\"text-align: justify;\">El Supremo Comit\u00e9 Judicial que supervisa las elecciones municipales anunci\u00f3 que a las 12:00 de la medianoche del domingo, fueron cerradas las urnas en todas las provincias del pa\u00eds, tras extender el periodo de votaciones por cinco horas adicionales.<\/p>\n<p style=\"text-align: justify;\">El juez Suleiman Al-Qaed, jefe del comit\u00e9, afirm\u00f3 el inicio del proceso de conteo de votos que se lleva a cabo directamente por las comisiones electorales, indicando que en las pr\u00f3ximas horas se anunciar\u00e1n los resultados.<\/p>\n<p style=\"text-align: justify;\">Al-Qaed agreg\u00f3 que los que no ganaron las elecciones tienen derecho a impugnar los resultados dentro de un periodo de cinco d\u00edas.<\/p>\n<p style=\"text-align: justify;\">Explic\u00f3 que el proceso de sufragio en las elecciones se llev\u00f3 a cabo en un ambiente tranquilo y sin ning\u00fan obst\u00e1culo, y el Comit\u00e9 no recibi\u00f3 ninguna queja de los candidatos, los electores o de las comisiones supervisoras de los colegios electorales.<\/p>\n<p style=\"text-align: justify;\"><span style=\"color: #0000ff;\">F. Marouf\/ Ammar H.<\/span><\/p>\n","protected":false},"excerpt":{"rendered":"<p>Damasco, SANA El Supremo Comit\u00e9 Judicial que supervisa las elecciones municipales anunci\u00f3 que a las 12:00 de la medianoche del domingo, fueron cerradas las urnas en todas las provincias del pa\u00eds, tras extender el periodo de votaciones por cinco horas adicionales. El juez Suleiman Al-Qaed, jefe del comit\u00e9, afirm\u00f3 el inicio del proceso de conteo &hellip;<\/p>\n","protected":false},"author":1,"featured_media":89365,"comment_status":"closed","ping_status":"closed","sticky":false,"template":"","format":"standard","meta":{"footnotes":""},"categories":[597,476,583],"tags":[12672],"class_list":["post-89364","post","type-post","status-publish","format-standard","has-post-thumbnail","","category-cinta-de-noticias","category-locales","category-slide","tag-empieza-conteo-de-votos-en-las-elecciones-municipales"],"_links":{"self":[{"href":"https:\/\/archive.sana.sy\/es\/index.php?rest_route=\/wp\/v2\/posts\/89364"}],"collection":[{"href":"https:\/\/archive.sana.sy\/es\/index.php?rest_route=\/wp\/v2\/posts"}],"about":[{"href":"https:\/\/archive.sana.sy\/es\/index.php?rest_route=\/wp\/v2\/types\/post"}],"author":[{"embeddable":true,"href":"https:\/\/archive.sana.sy\/es\/index.php?rest_route=\/wp\/v2\/users\/1"}],"replies":[{"embeddable":true,"href":"https:\/\/archive.sana.sy\/es\/index.php?rest_route=%2Fwp%2Fv2%2Fcomments&post=89364"}],"version-history":[{"count":0,"href":"https:\/\/archive.sana.sy\/es\/index.php?rest_route=\/wp\/v2\/posts\/89364\/revisions"}],"wp:featuredmedia":[{"embeddable":true,"href":"https:\/\/archive.sana.sy\/es\/index.php?rest_route=\/wp\/v2\/media\/89365"}],"wp:attachment":[{"href":"https:\/\/archive.sana.sy\/es\/index.php?rest_route=%2Fwp%2Fv2%2Fmedia&parent=89364"}],"wp:term":[{"taxonomy":"category","embeddable":true,"href":"https:\/\/archive.sana.sy\/es\/index.php?rest_route=%2Fwp%2Fv2%2Fcategories&post=89364"},{"taxonomy":"post_tag","embeddable":true,"href":"https:\/\/archive.sana.sy\/es\/index.php?rest_route=%2Fwp%2Fv2%2Ftags&post=89364"}],"curies":[{"name":"wp","href":"https:\/\/api.w.org\/{rel}","templated":true}]}}