{"id":89379,"date":"2018-09-17T14:50:23","date_gmt":"2018-09-17T11:50:23","guid":{"rendered":"http:\/\/www.sana.sy\/es\/?p=89379"},"modified":"2018-09-17T15:09:08","modified_gmt":"2018-09-17T12:09:08","slug":"damasco-rechaza-enfoque-politizada-de-la-comision-de-investigacion-sobre-situacion-en-siria","status":"publish","type":"post","link":"https:\/\/archive.sana.sy\/es\/?p=89379","title":{"rendered":"Damasco rechaza enfoque politizada de la Comisi\u00f3n de Investigaci\u00f3n sobre situaci\u00f3n en Siria"},"content":{"rendered":"<p style=\"text-align: justify;\"><span style=\"color: #800000;\">Ginebra, SANA<\/span><\/p>\n<p style=\"text-align: justify;\">El delegado sirio ante las Naciones Unidas en Ginebra, el embajador Hossam Eddin Alaa, reiter\u00f3 el rechazo de Siria al enfoque unilateral, tendencioso y politizado de los informes de la Comisi\u00f3n Internacional de Investigaci\u00f3n sobre la situaci\u00f3n en Siria.<\/p>\n<p style=\"text-align: justify;\">En una declaraci\u00f3n le\u00edda ante la 39\u00aa sesi\u00f3n del Consejo de Derechos Humanos, el embajador Alaa dijo que &#8220;el informe presentado al Consejo durante el actual per\u00edodo de sesiones est\u00e1 marcado por el doble rasero en las investigaciones de la Comisi\u00f3n que confunde el enfoque pol\u00edtico con el trabajo profesional\u201d.<\/p>\n<p style=\"text-align: justify;\">Alaa dijo que la \u201cRep\u00fablica \u00c1rabe Siria deplora el tratamiento politizado y negativo del informe que no hace alusi\u00f3n ninguna a los cr\u00edmenes de guerra y violaciones del derecho internacional cometidos por fuerzas turcas y sus mercenarios en el norte de Siria, y tambi\u00e9n los cr\u00edmenes de las fuerzas ilegales lideradas por Estados Unidos y sus aliados y mercenarios en el noreste de Siria\u201d,.<\/p>\n<p style=\"text-align: justify;\">El diplom\u00e1tico sirio reiter\u00f3 el compromiso de Damasco con las normas del Derecho Internacional Humanitario en todas las operaciones militares y agreg\u00f3 que las fuerzas armadas sirias toman todas las medidas posibles para proteger a los civiles durante la liberaci\u00f3n de sus \u00e1reas del dominio de grupos terroristas armados.<\/p>\n<p style=\"text-align: justify;\"><span style=\"color: #0000ff;\">F. Marouf\/ Ammar H.<\/span><\/p>\n","protected":false},"excerpt":{"rendered":"<p>Ginebra, SANA El delegado sirio ante las Naciones Unidas en Ginebra, el embajador Hossam Eddin Alaa, reiter\u00f3 el rechazo de Siria al enfoque unilateral, tendencioso y politizado de los informes de la Comisi\u00f3n Internacional de Investigaci\u00f3n sobre la situaci\u00f3n en Siria. En una declaraci\u00f3n le\u00edda ante la 39\u00aa sesi\u00f3n del Consejo de Derechos Humanos, el &hellip;<\/p>\n","protected":false},"author":1,"featured_media":89380,"comment_status":"closed","ping_status":"closed","sticky":false,"template":"","format":"standard","meta":{"footnotes":""},"categories":[597,467,583],"tags":[12677],"class_list":["post-89379","post","type-post","status-publish","format-standard","has-post-thumbnail","","category-cinta-de-noticias","category-siria-y-el-mundo","category-slide","tag-damasco-rechaza-enfoque-politizada-de-la-comision-de-investigacion-sobre-situacion-en-siria"],"_links":{"self":[{"href":"https:\/\/archive.sana.sy\/es\/index.php?rest_route=\/wp\/v2\/posts\/89379"}],"collection":[{"href":"https:\/\/archive.sana.sy\/es\/index.php?rest_route=\/wp\/v2\/posts"}],"about":[{"href":"https:\/\/archive.sana.sy\/es\/index.php?rest_route=\/wp\/v2\/types\/post"}],"author":[{"embeddable":true,"href":"https:\/\/archive.sana.sy\/es\/index.php?rest_route=\/wp\/v2\/users\/1"}],"replies":[{"embeddable":true,"href":"https:\/\/archive.sana.sy\/es\/index.php?rest_route=%2Fwp%2Fv2%2Fcomments&post=89379"}],"version-history":[{"count":0,"href":"https:\/\/archive.sana.sy\/es\/index.php?rest_route=\/wp\/v2\/posts\/89379\/revisions"}],"wp:featuredmedia":[{"embeddable":true,"href":"https:\/\/archive.sana.sy\/es\/index.php?rest_route=\/wp\/v2\/media\/89380"}],"wp:attachment":[{"href":"https:\/\/archive.sana.sy\/es\/index.php?rest_route=%2Fwp%2Fv2%2Fmedia&parent=89379"}],"wp:term":[{"taxonomy":"category","embeddable":true,"href":"https:\/\/archive.sana.sy\/es\/index.php?rest_route=%2Fwp%2Fv2%2Fcategories&post=89379"},{"taxonomy":"post_tag","embeddable":true,"href":"https:\/\/archive.sana.sy\/es\/index.php?rest_route=%2Fwp%2Fv2%2Ftags&post=89379"}],"curies":[{"name":"wp","href":"https:\/\/api.w.org\/{rel}","templated":true}]}}