{"id":89383,"date":"2018-09-17T19:38:27","date_gmt":"2018-09-17T16:38:27","guid":{"rendered":"http:\/\/www.sana.sy\/es\/?p=89383"},"modified":"2018-09-17T19:38:27","modified_gmt":"2018-09-17T16:38:27","slug":"desplazados-sirios-retornan-a-la-patria","status":"publish","type":"post","link":"https:\/\/archive.sana.sy\/es\/?p=89383","title":{"rendered":"Desplazados sirios retornan a la patria"},"content":{"rendered":"<p>Rif Dimashq-SANA<\/p>\n<p>Ha arribado a la patria un nuevo grupo de desplazados provenientes de El L\u00edbano.<\/p>\n<p>El Estado sirio se encargar\u00e1 de trasladar a los ciudadanos que reci\u00e9n regresaron a sus respectivos poblados.<\/p>\n<p>Y.K.<\/p>\n","protected":false},"excerpt":{"rendered":"<p>Rif Dimashq-SANA Ha arribado a la patria un nuevo grupo de desplazados provenientes de El L\u00edbano. El Estado sirio se encargar\u00e1 de trasladar a los ciudadanos que reci\u00e9n regresaron a sus respectivos poblados. Y.K.<\/p>\n","protected":false},"author":1,"featured_media":89384,"comment_status":"closed","ping_status":"closed","sticky":false,"template":"","format":"standard","meta":{"footnotes":""},"categories":[476,7541],"tags":[],"class_list":["post-89383","post","type-post","status-publish","format-standard","has-post-thumbnail","","category-locales","category-ultimas-noticias"],"_links":{"self":[{"href":"https:\/\/archive.sana.sy\/es\/index.php?rest_route=\/wp\/v2\/posts\/89383"}],"collection":[{"href":"https:\/\/archive.sana.sy\/es\/index.php?rest_route=\/wp\/v2\/posts"}],"about":[{"href":"https:\/\/archive.sana.sy\/es\/index.php?rest_route=\/wp\/v2\/types\/post"}],"author":[{"embeddable":true,"href":"https:\/\/archive.sana.sy\/es\/index.php?rest_route=\/wp\/v2\/users\/1"}],"replies":[{"embeddable":true,"href":"https:\/\/archive.sana.sy\/es\/index.php?rest_route=%2Fwp%2Fv2%2Fcomments&post=89383"}],"version-history":[{"count":0,"href":"https:\/\/archive.sana.sy\/es\/index.php?rest_route=\/wp\/v2\/posts\/89383\/revisions"}],"wp:featuredmedia":[{"embeddable":true,"href":"https:\/\/archive.sana.sy\/es\/index.php?rest_route=\/wp\/v2\/media\/89384"}],"wp:attachment":[{"href":"https:\/\/archive.sana.sy\/es\/index.php?rest_route=%2Fwp%2Fv2%2Fmedia&parent=89383"}],"wp:term":[{"taxonomy":"category","embeddable":true,"href":"https:\/\/archive.sana.sy\/es\/index.php?rest_route=%2Fwp%2Fv2%2Fcategories&post=89383"},{"taxonomy":"post_tag","embeddable":true,"href":"https:\/\/archive.sana.sy\/es\/index.php?rest_route=%2Fwp%2Fv2%2Ftags&post=89383"}],"curies":[{"name":"wp","href":"https:\/\/api.w.org\/{rel}","templated":true}]}}