{"id":89403,"date":"2018-09-18T09:48:00","date_gmt":"2018-09-18T06:48:00","guid":{"rendered":"http:\/\/www.sana.sy\/es\/?p=89403"},"modified":"2018-09-18T10:51:48","modified_gmt":"2018-09-18T07:51:48","slug":"avion-ruso-con-14-militares-a-bordo-desaparece-de-los-radares","status":"publish","type":"post","link":"https:\/\/archive.sana.sy\/es\/?p=89403","title":{"rendered":"Avi\u00f3n ruso con 14 militares a bordo desaparece de los radares"},"content":{"rendered":"<p><span style=\"color: #800000;\">Mosc\u00fa, SANA<\/span><\/p>\n<p>El Ministerio de Defensa de Rusia inform\u00f3 que un avi\u00f3n ruso Il-20 desapareci\u00f3 de los radares en el Mediterr\u00e1neo.<\/p>\n<p>En un comunicado, el ente rusa explic\u00f3 que a bordo de la aeronave se encontraban 14 militares, y por el momento se desconoce qu\u00e9 ha sido de ellos.<\/p>\n<p>Detall\u00f3 que el Il-20 dej\u00f3 de emitir se\u00f1ales el lunes alrededor de las 23:00 sobre el mar Mediterr\u00e1neo, cuando se dispon\u00eda a regresar a la base rusa de Hemeimem y se encontraba a 35 kil\u00f3metros de la costa siria. Desde esa base, lo militares rusos emprendieron una operaci\u00f3n de b\u00fasqueda y rescate.<\/p>\n<p><span style=\"color: #0000ff;\">F. Marouf\/ Dr. A. Shaban<\/span><\/p>\n","protected":false},"excerpt":{"rendered":"<p>Mosc\u00fa, SANA El Ministerio de Defensa de Rusia inform\u00f3 que un avi\u00f3n ruso Il-20 desapareci\u00f3 de los radares en el Mediterr\u00e1neo. En un comunicado, el ente rusa explic\u00f3 que a bordo de la aeronave se encontraban 14 militares, y por el momento se desconoce qu\u00e9 ha sido de ellos. Detall\u00f3 que el Il-20 dej\u00f3 de &hellip;<\/p>\n","protected":false},"author":1,"featured_media":89404,"comment_status":"closed","ping_status":"closed","sticky":false,"template":"","format":"standard","meta":{"footnotes":""},"categories":[597,467,7541],"tags":[],"class_list":["post-89403","post","type-post","status-publish","format-standard","has-post-thumbnail","","category-cinta-de-noticias","category-siria-y-el-mundo","category-ultimas-noticias"],"_links":{"self":[{"href":"https:\/\/archive.sana.sy\/es\/index.php?rest_route=\/wp\/v2\/posts\/89403"}],"collection":[{"href":"https:\/\/archive.sana.sy\/es\/index.php?rest_route=\/wp\/v2\/posts"}],"about":[{"href":"https:\/\/archive.sana.sy\/es\/index.php?rest_route=\/wp\/v2\/types\/post"}],"author":[{"embeddable":true,"href":"https:\/\/archive.sana.sy\/es\/index.php?rest_route=\/wp\/v2\/users\/1"}],"replies":[{"embeddable":true,"href":"https:\/\/archive.sana.sy\/es\/index.php?rest_route=%2Fwp%2Fv2%2Fcomments&post=89403"}],"version-history":[{"count":0,"href":"https:\/\/archive.sana.sy\/es\/index.php?rest_route=\/wp\/v2\/posts\/89403\/revisions"}],"wp:featuredmedia":[{"embeddable":true,"href":"https:\/\/archive.sana.sy\/es\/index.php?rest_route=\/wp\/v2\/media\/89404"}],"wp:attachment":[{"href":"https:\/\/archive.sana.sy\/es\/index.php?rest_route=%2Fwp%2Fv2%2Fmedia&parent=89403"}],"wp:term":[{"taxonomy":"category","embeddable":true,"href":"https:\/\/archive.sana.sy\/es\/index.php?rest_route=%2Fwp%2Fv2%2Fcategories&post=89403"},{"taxonomy":"post_tag","embeddable":true,"href":"https:\/\/archive.sana.sy\/es\/index.php?rest_route=%2Fwp%2Fv2%2Ftags&post=89403"}],"curies":[{"name":"wp","href":"https:\/\/api.w.org\/{rel}","templated":true}]}}