{"id":89434,"date":"2018-09-18T20:42:02","date_gmt":"2018-09-18T17:42:02","guid":{"rendered":"http:\/\/www.sana.sy\/es\/?p=89434"},"modified":"2018-09-18T20:42:26","modified_gmt":"2018-09-18T17:42:26","slug":"acuerdo-sobre-idleb-es-fruto-de-intensas-consultas-y-coordinacion-entre-siria-y-rusia","status":"publish","type":"post","link":"https:\/\/archive.sana.sy\/es\/?p=89434","title":{"rendered":"Acuerdo sobre Idleb es fruto de intensas consultas y coordinaci\u00f3n entre Siria y Rusia"},"content":{"rendered":"<p style=\"text-align: justify\"><span style=\"color: #800000\">Damasco, SANA<\/span><\/p>\n<p style=\"text-align: justify\">Damasco acogi\u00f3 bien el acuerdo sobre la provincia de Idleb, alcanzado en la ciudad rusa de Sochi el lunes, y asegur\u00f3 que el mismo es fruto de intensas consultas y coordinaci\u00f3n entre Siria y Rusia.<\/p>\n<p style=\"text-align: justify\">&#8220;La Rep\u00fablica \u00c1rabe Siria Damasco acoge bien cualquier iniciativa que detenga el derramamiento de la sangre de los sirios y contribuya a la instauraci\u00f3n de la seguridad en las zonas que fueron afectadas por el terrorismo&#8221;, acot\u00f3 un comunicado del Ministerio de Exteriores y Expatriados de Siria.<\/p>\n<p style=\"text-align: justify\">La nota afirm\u00f3 que el Ej\u00e9rcito sirio continuar\u00e1 su guerra contra el terrorismo hasta la liberaci\u00f3n de la \u00faltima pulgada del territorio sirio de este flageo, sea por las acciones militares o por las reconciliaciones locales.<\/p>\n<p style=\"text-align: justify\">Precis\u00f3 que &#8220;el acuerdo de Idleb tiene tiempo espec\u00edfico y es parte de los acuerdos anteriores sobre las zonas de distensi\u00f3n acordadas en el proceso de Astan\u00e1 que se lanz\u00f3 a base del compromiso con la soberan\u00eda y la integridad territorial de la Rep\u00fablica \u00c1rabe Siria y la liberaci\u00f3n de toda Siria de los terroristas y de cualquier presencia ilegal de tropas extranjeras.<\/p>\n<p style=\"text-align: justify\"><span style=\"color: #0000ff\">F. Marouf\/ Dr. A. Shaban<\/span><\/p>\n","protected":false},"excerpt":{"rendered":"<p>Damasco, SANA Damasco acogi\u00f3 bien el acuerdo sobre la provincia de Idleb, alcanzado en la ciudad rusa de Sochi el lunes, y asegur\u00f3 que el mismo es fruto de intensas consultas y coordinaci\u00f3n entre Siria y Rusia. &#8220;La Rep\u00fablica \u00c1rabe Siria Damasco acoge bien cualquier iniciativa que detenga el derramamiento de la sangre de los &hellip;<\/p>\n","protected":false},"author":1,"featured_media":89436,"comment_status":"closed","ping_status":"closed","sticky":false,"template":"","format":"standard","meta":{"footnotes":""},"categories":[597,467,583],"tags":[12684],"class_list":["post-89434","post","type-post","status-publish","format-standard","has-post-thumbnail","","category-cinta-de-noticias","category-siria-y-el-mundo","category-slide","tag-acuerdo-sobre-idleb-es-fruto-de-intensas-consultas-y-coordinacion-entre-siria-y-rusia"],"_links":{"self":[{"href":"https:\/\/archive.sana.sy\/es\/index.php?rest_route=\/wp\/v2\/posts\/89434"}],"collection":[{"href":"https:\/\/archive.sana.sy\/es\/index.php?rest_route=\/wp\/v2\/posts"}],"about":[{"href":"https:\/\/archive.sana.sy\/es\/index.php?rest_route=\/wp\/v2\/types\/post"}],"author":[{"embeddable":true,"href":"https:\/\/archive.sana.sy\/es\/index.php?rest_route=\/wp\/v2\/users\/1"}],"replies":[{"embeddable":true,"href":"https:\/\/archive.sana.sy\/es\/index.php?rest_route=%2Fwp%2Fv2%2Fcomments&post=89434"}],"version-history":[{"count":0,"href":"https:\/\/archive.sana.sy\/es\/index.php?rest_route=\/wp\/v2\/posts\/89434\/revisions"}],"wp:featuredmedia":[{"embeddable":true,"href":"https:\/\/archive.sana.sy\/es\/index.php?rest_route=\/wp\/v2\/media\/89436"}],"wp:attachment":[{"href":"https:\/\/archive.sana.sy\/es\/index.php?rest_route=%2Fwp%2Fv2%2Fmedia&parent=89434"}],"wp:term":[{"taxonomy":"category","embeddable":true,"href":"https:\/\/archive.sana.sy\/es\/index.php?rest_route=%2Fwp%2Fv2%2Fcategories&post=89434"},{"taxonomy":"post_tag","embeddable":true,"href":"https:\/\/archive.sana.sy\/es\/index.php?rest_route=%2Fwp%2Fv2%2Ftags&post=89434"}],"curies":[{"name":"wp","href":"https:\/\/api.w.org\/{rel}","templated":true}]}}