{"id":89439,"date":"2018-09-18T18:42:44","date_gmt":"2018-09-18T15:42:44","guid":{"rendered":"http:\/\/www.sana.sy\/es\/?p=89439"},"modified":"2018-09-18T18:43:56","modified_gmt":"2018-09-18T15:43:56","slug":"ministerio-de-defensa-ruso-derribo-del-avion-ruso-es-una-accion-israeli-hostil","status":"publish","type":"post","link":"https:\/\/archive.sana.sy\/es\/?p=89439","title":{"rendered":"Rusia responsabliza al ente sionista con derribo del avi\u00f3n ruso"},"content":{"rendered":"<p><span style=\"color: #800000\">Mosc\u00fa, SANA<\/span><\/p>\n<p>El Ministerio de Defensa de Rusia responsabiliz\u00f3 al enemigo israel\u00ed con la plena responsabilidad del derribo del avi\u00f3n de reconocimiento ruso, afirmando que lo que hizo Israel constituye una agresi\u00f3n y no quedar\u00e1 sin respuesta.<\/p>\n<p>En este contexto, el portavoz del Ministerio ruso, Igor Konashinkov se\u00f1al\u00f3 que el Ministerio de Defensa ruso se reservar\u00e1 el derecho a una respuesta propicia a las acciones provocativas de \u201cIsrael\u201d cuyos aviones de combate utilizaron el aparato ruso como escudo.<\/p>\n<p>Agreg\u00f3 que los pilotos israel\u00edes pretendieron escudarse con el avi\u00f3n de reconocimiento ruso, lo que provoc\u00f3 su derribo.<\/p>\n<p>Tach\u00f3 esta provocaci\u00f3n israel\u00ed de \u201chostil e irresponsable\u201d por causar la muerte de 15 militares rusos, y destac\u00f3 que Rusia se reserva el derecho a dirigir una respuesta adecuada en el tiempo adecuado.<\/p>\n<p>A todo ello, el Ministro de Defensa ruso, Serguei Shoigu, culp\u00f3 al Ministro de Defensa del ente sionista con el derribo del Il-20, mientras que la Canciller\u00eda rusa convoc\u00f3 al embajador del ente sionista a la luz del mismo incidente.<\/p>\n<p>&nbsp;<\/p>\n<p>Lynn A.<\/p>\n","protected":false},"excerpt":{"rendered":"<p>Mosc\u00fa, SANA El Ministerio de Defensa de Rusia responsabiliz\u00f3 al enemigo israel\u00ed con la plena responsabilidad del derribo del avi\u00f3n de reconocimiento ruso, afirmando que lo que hizo Israel constituye una agresi\u00f3n y no quedar\u00e1 sin respuesta. En este contexto, el portavoz del Ministerio ruso, Igor Konashinkov se\u00f1al\u00f3 que el Ministerio de Defensa ruso se &hellip;<\/p>\n","protected":false},"author":24,"featured_media":89440,"comment_status":"closed","ping_status":"closed","sticky":false,"template":"","format":"standard","meta":{"footnotes":""},"categories":[597,467,7541],"tags":[],"class_list":["post-89439","post","type-post","status-publish","format-standard","has-post-thumbnail","","category-cinta-de-noticias","category-siria-y-el-mundo","category-ultimas-noticias"],"_links":{"self":[{"href":"https:\/\/archive.sana.sy\/es\/index.php?rest_route=\/wp\/v2\/posts\/89439"}],"collection":[{"href":"https:\/\/archive.sana.sy\/es\/index.php?rest_route=\/wp\/v2\/posts"}],"about":[{"href":"https:\/\/archive.sana.sy\/es\/index.php?rest_route=\/wp\/v2\/types\/post"}],"author":[{"embeddable":true,"href":"https:\/\/archive.sana.sy\/es\/index.php?rest_route=\/wp\/v2\/users\/24"}],"replies":[{"embeddable":true,"href":"https:\/\/archive.sana.sy\/es\/index.php?rest_route=%2Fwp%2Fv2%2Fcomments&post=89439"}],"version-history":[{"count":0,"href":"https:\/\/archive.sana.sy\/es\/index.php?rest_route=\/wp\/v2\/posts\/89439\/revisions"}],"wp:featuredmedia":[{"embeddable":true,"href":"https:\/\/archive.sana.sy\/es\/index.php?rest_route=\/wp\/v2\/media\/89440"}],"wp:attachment":[{"href":"https:\/\/archive.sana.sy\/es\/index.php?rest_route=%2Fwp%2Fv2%2Fmedia&parent=89439"}],"wp:term":[{"taxonomy":"category","embeddable":true,"href":"https:\/\/archive.sana.sy\/es\/index.php?rest_route=%2Fwp%2Fv2%2Fcategories&post=89439"},{"taxonomy":"post_tag","embeddable":true,"href":"https:\/\/archive.sana.sy\/es\/index.php?rest_route=%2Fwp%2Fv2%2Ftags&post=89439"}],"curies":[{"name":"wp","href":"https:\/\/api.w.org\/{rel}","templated":true}]}}