{"id":89444,"date":"2018-09-18T15:45:35","date_gmt":"2018-09-18T12:45:35","guid":{"rendered":"http:\/\/www.sana.sy\/es\/?p=89444"},"modified":"2018-09-18T18:06:53","modified_gmt":"2018-09-18T15:06:53","slug":"presidente-de-mongolia-expresa-solidaridad-con-siria-frente-al-terrorismo","status":"publish","type":"post","link":"https:\/\/archive.sana.sy\/es\/?p=89444","title":{"rendered":"Presidente de Mongolia expresa solidaridad con Siria frente al terrorismo"},"content":{"rendered":"<p><span style=\"color: #800000\">Ul\u00e1n Bator, SANA<\/span><\/p>\n<p>El presidente de Mongolia, Khaltmaagiin Battulga, expres\u00f3 su satisfacci\u00f3n por el \u00e9xito logrado por el Estado sirio en limpiar la mayor parte de su territorio del terrorismo de las organizaciones terroristas y estabilizar la situaci\u00f3n en el pa\u00eds.<\/p>\n<p>Estas declaraciones fueron concedidas durante un encuentro con el embajador de Siria ante China, Imad Mustada, en el cual, el mandatario de Mangolia expres\u00f3 su esperanza de que Siria participara con eficiencia en el proceso de reconstrucci\u00f3n.<\/p>\n<p>Por su parte, el embajador sirio manifest\u00f3 la determinaci\u00f3n de Siria de erradicar el flagelo del terrorismo de su territorio.<\/p>\n<p>Lynn A.<\/p>\n","protected":false},"excerpt":{"rendered":"<p>Ul\u00e1n Bator, SANA El presidente de Mongolia, Khaltmaagiin Battulga, expres\u00f3 su satisfacci\u00f3n por el \u00e9xito logrado por el Estado sirio en limpiar la mayor parte de su territorio del terrorismo de las organizaciones terroristas y estabilizar la situaci\u00f3n en el pa\u00eds. Estas declaraciones fueron concedidas durante un encuentro con el embajador de Siria ante China, &hellip;<\/p>\n","protected":false},"author":24,"featured_media":89445,"comment_status":"closed","ping_status":"closed","sticky":false,"template":"","format":"standard","meta":{"footnotes":""},"categories":[597,467,7541],"tags":[],"class_list":["post-89444","post","type-post","status-publish","format-standard","has-post-thumbnail","","category-cinta-de-noticias","category-siria-y-el-mundo","category-ultimas-noticias"],"_links":{"self":[{"href":"https:\/\/archive.sana.sy\/es\/index.php?rest_route=\/wp\/v2\/posts\/89444"}],"collection":[{"href":"https:\/\/archive.sana.sy\/es\/index.php?rest_route=\/wp\/v2\/posts"}],"about":[{"href":"https:\/\/archive.sana.sy\/es\/index.php?rest_route=\/wp\/v2\/types\/post"}],"author":[{"embeddable":true,"href":"https:\/\/archive.sana.sy\/es\/index.php?rest_route=\/wp\/v2\/users\/24"}],"replies":[{"embeddable":true,"href":"https:\/\/archive.sana.sy\/es\/index.php?rest_route=%2Fwp%2Fv2%2Fcomments&post=89444"}],"version-history":[{"count":0,"href":"https:\/\/archive.sana.sy\/es\/index.php?rest_route=\/wp\/v2\/posts\/89444\/revisions"}],"wp:featuredmedia":[{"embeddable":true,"href":"https:\/\/archive.sana.sy\/es\/index.php?rest_route=\/wp\/v2\/media\/89445"}],"wp:attachment":[{"href":"https:\/\/archive.sana.sy\/es\/index.php?rest_route=%2Fwp%2Fv2%2Fmedia&parent=89444"}],"wp:term":[{"taxonomy":"category","embeddable":true,"href":"https:\/\/archive.sana.sy\/es\/index.php?rest_route=%2Fwp%2Fv2%2Fcategories&post=89444"},{"taxonomy":"post_tag","embeddable":true,"href":"https:\/\/archive.sana.sy\/es\/index.php?rest_route=%2Fwp%2Fv2%2Ftags&post=89444"}],"curies":[{"name":"wp","href":"https:\/\/api.w.org\/{rel}","templated":true}]}}