{"id":89447,"date":"2018-09-18T18:15:13","date_gmt":"2018-09-18T15:15:13","guid":{"rendered":"http:\/\/www.sana.sy\/es\/?p=89447"},"modified":"2023-01-10T15:16:22","modified_gmt":"2023-01-10T13:16:22","slug":"diab-141-inversionistas-locales-y-extranjeros-pidieron-informacion-sobre-las-oportunidades-durante-la-fid","status":"publish","type":"post","link":"https:\/\/archive.sana.sy\/es\/?p=89447","title":{"rendered":"63 inversiones fueron presentadas durante la Feria Internacional de Damasco"},"content":{"rendered":"<p><span style=\"color: #800000;\">Damasco, SANA<\/span><\/p>\n<p>El Director General del Organismo de Inversi\u00f3n Sirio, Madian Diab, declar\u00f3 que 63 oportunidades de inversi\u00f3n y 13 proyectos cuyos due\u00f1os buscan a socios, fueron presentados antes los empresarios durante la Sexag\u00e9sima Edici\u00f3n de la Feria Internacional de Damasco.<\/p>\n<p>En declaraciones concedidas a SANA, Diab inform\u00f3 que 141 inversores nacionales y extranjeros visitaron el pabell\u00f3n del Organismo en la Feria de Damasco, adem\u00e1s de diez delegaciones de Cuba, Jordania, China, la Rep\u00fablica Checa, el L\u00edbano, Rusia, la India, Irak, Brasil y Om\u00e1n.<\/p>\n<p>Agreg\u00f3 que los inversores interesados recopilaron datos sobre las oportunidades disponibles, y predic\u00f3 que Siria presenciar\u00e1 pronto un importante fuljo de inversiones y proyectos en base con las oportunidades a las que se hace la promoci\u00f3n.<\/p>\n<p><span style=\"color: #0000ff;\">F. Marouf\/ Ammar H.<\/span><\/p>\n","protected":false},"excerpt":{"rendered":"<p>Damasco, SANA El Director General del Organismo de Inversi\u00f3n Sirio, Madian Diab, declar\u00f3 que 63 oportunidades de inversi\u00f3n y 13 proyectos cuyos due\u00f1os buscan a socios, fueron presentados antes los empresarios durante la Sexag\u00e9sima Edici\u00f3n de la Feria Internacional de Damasco. En declaraciones concedidas a SANA, Diab inform\u00f3 que 141 inversores nacionales y extranjeros visitaron &hellip;<\/p>\n","protected":false},"author":24,"featured_media":89448,"comment_status":"closed","ping_status":"closed","sticky":false,"template":"","format":"standard","meta":{"footnotes":""},"categories":[597,485,7541],"tags":[12686],"class_list":["post-89447","post","type-post","status-publish","format-standard","has-post-thumbnail","","category-cinta-de-noticias","category-informes-negocios-y-finanzas","category-ultimas-noticias","tag-63-inversiones-fueron-presentadas-durante-la-feria-internacional-de-damasco"],"_links":{"self":[{"href":"https:\/\/archive.sana.sy\/es\/index.php?rest_route=\/wp\/v2\/posts\/89447"}],"collection":[{"href":"https:\/\/archive.sana.sy\/es\/index.php?rest_route=\/wp\/v2\/posts"}],"about":[{"href":"https:\/\/archive.sana.sy\/es\/index.php?rest_route=\/wp\/v2\/types\/post"}],"author":[{"embeddable":true,"href":"https:\/\/archive.sana.sy\/es\/index.php?rest_route=\/wp\/v2\/users\/24"}],"replies":[{"embeddable":true,"href":"https:\/\/archive.sana.sy\/es\/index.php?rest_route=%2Fwp%2Fv2%2Fcomments&post=89447"}],"version-history":[{"count":0,"href":"https:\/\/archive.sana.sy\/es\/index.php?rest_route=\/wp\/v2\/posts\/89447\/revisions"}],"wp:featuredmedia":[{"embeddable":true,"href":"https:\/\/archive.sana.sy\/es\/index.php?rest_route=\/wp\/v2\/media\/89448"}],"wp:attachment":[{"href":"https:\/\/archive.sana.sy\/es\/index.php?rest_route=%2Fwp%2Fv2%2Fmedia&parent=89447"}],"wp:term":[{"taxonomy":"category","embeddable":true,"href":"https:\/\/archive.sana.sy\/es\/index.php?rest_route=%2Fwp%2Fv2%2Fcategories&post=89447"},{"taxonomy":"post_tag","embeddable":true,"href":"https:\/\/archive.sana.sy\/es\/index.php?rest_route=%2Fwp%2Fv2%2Ftags&post=89447"}],"curies":[{"name":"wp","href":"https:\/\/api.w.org\/{rel}","templated":true}]}}