{"id":89454,"date":"2018-09-18T16:59:18","date_gmt":"2018-09-18T13:59:18","guid":{"rendered":"http:\/\/www.sana.sy\/es\/?p=89454"},"modified":"2018-09-18T19:03:04","modified_gmt":"2018-09-18T16:03:04","slug":"siria-participa-en-foro-sobre-objetivos-del-desarrollo-sostenible-e-igualdad-entre-los-generos","status":"publish","type":"post","link":"https:\/\/archive.sana.sy\/es\/?p=89454","title":{"rendered":"Siria participa en Foro sobre Objetivos del Desarrollo Sostenible e Igualdad entre los G\u00e9neros"},"content":{"rendered":"<p><span style=\"color: #800000\">Alejandr\u00eda, SANA<\/span><\/p>\n<p>Con la participaci\u00f3n de una delegaci\u00f3n del Parlamento sirio, se dio inicio este martes a las sesiones del Foro Regional sobre los Objetivos del Desarrollo Sostenible e Igualdad entre los G\u00e9neros para los Parlamentos de Oriente Medio y el Norte de \u00c1frica en la ciudad egipcia de Alejandr\u00eda.<\/p>\n<p>El presidente de la delegaci\u00f3n siria y de la Asociaci\u00f3n de Amistad Interparlamentaria Sirio-Egipcia, Mohamad Maher al Mwake\u00b4e, destac\u00f3 la importancia de la cooperaci\u00f3n entre los parlamentos para impulsar el proceso del desarrollo sostenible, especialmente en lo relacionado con la implicaci\u00f3n de la mujer en la construcci\u00f3n de la sociedad, y el empoderamiento de la misma para que sea un socio real en la toma de decisiones pol\u00edticas, econ\u00f3micas y sociales.<\/p>\n<p>Critic\u00f3 que las presiones, la injerencia extranjera y el bloque econ\u00f3mico son los factores principales que obstaculizan el proceso del desarrollo sostenible.<\/p>\n<p>Por su parte, el parlamentario sirio, Nidal Hamidi, resalt\u00f3 que las medidas coercitivas unilaterales impuestas por la UE y EEUU al pueblo sirio desde el inicio de la crisis en Siria han sido el principal impedimento ante el avance en el proceso de desarrollo sostenible, s\u00famales la obstaculizaci\u00f3n de la labor de los hospitales, las f\u00e1bricas y toda la infraestructura y las instalaciones de servicio.<\/p>\n<p>Hasta el 20 del mes en curso, las delegaciones parlamentarias participantes propondr\u00e1n soluciones en cuanto a implementar los objetos del desarrollo sostenible a trav\u00e9s de las pol\u00edticas nacionales.<\/p>\n<p>Lynn A.<\/p>\n","protected":false},"excerpt":{"rendered":"<p>Alejandr\u00eda, SANA Con la participaci\u00f3n de una delegaci\u00f3n del Parlamento sirio, se dio inicio este martes a las sesiones del Foro Regional sobre los Objetivos del Desarrollo Sostenible e Igualdad entre los G\u00e9neros para los Parlamentos de Oriente Medio y el Norte de \u00c1frica en la ciudad egipcia de Alejandr\u00eda. El presidente de la delegaci\u00f3n &hellip;<\/p>\n","protected":false},"author":24,"featured_media":89456,"comment_status":"closed","ping_status":"closed","sticky":false,"template":"","format":"standard","meta":{"footnotes":""},"categories":[467,7541],"tags":[],"class_list":["post-89454","post","type-post","status-publish","format-standard","has-post-thumbnail","","category-siria-y-el-mundo","category-ultimas-noticias"],"_links":{"self":[{"href":"https:\/\/archive.sana.sy\/es\/index.php?rest_route=\/wp\/v2\/posts\/89454"}],"collection":[{"href":"https:\/\/archive.sana.sy\/es\/index.php?rest_route=\/wp\/v2\/posts"}],"about":[{"href":"https:\/\/archive.sana.sy\/es\/index.php?rest_route=\/wp\/v2\/types\/post"}],"author":[{"embeddable":true,"href":"https:\/\/archive.sana.sy\/es\/index.php?rest_route=\/wp\/v2\/users\/24"}],"replies":[{"embeddable":true,"href":"https:\/\/archive.sana.sy\/es\/index.php?rest_route=%2Fwp%2Fv2%2Fcomments&post=89454"}],"version-history":[{"count":0,"href":"https:\/\/archive.sana.sy\/es\/index.php?rest_route=\/wp\/v2\/posts\/89454\/revisions"}],"wp:featuredmedia":[{"embeddable":true,"href":"https:\/\/archive.sana.sy\/es\/index.php?rest_route=\/wp\/v2\/media\/89456"}],"wp:attachment":[{"href":"https:\/\/archive.sana.sy\/es\/index.php?rest_route=%2Fwp%2Fv2%2Fmedia&parent=89454"}],"wp:term":[{"taxonomy":"category","embeddable":true,"href":"https:\/\/archive.sana.sy\/es\/index.php?rest_route=%2Fwp%2Fv2%2Fcategories&post=89454"},{"taxonomy":"post_tag","embeddable":true,"href":"https:\/\/archive.sana.sy\/es\/index.php?rest_route=%2Fwp%2Fv2%2Ftags&post=89454"}],"curies":[{"name":"wp","href":"https:\/\/api.w.org\/{rel}","templated":true}]}}