{"id":89460,"date":"2018-09-18T19:19:19","date_gmt":"2018-09-18T16:19:19","guid":{"rendered":"http:\/\/www.sana.sy\/es\/?p=89460"},"modified":"2018-09-18T19:19:19","modified_gmt":"2018-09-18T16:19:19","slug":"putin-rusia-tomara-medidas-para-afianzar-seguridad-de-sus-fuerzas-en-siria","status":"publish","type":"post","link":"https:\/\/archive.sana.sy\/es\/?p=89460","title":{"rendered":"Put\u00edn: Rusia tomar\u00e1 medidas para afianzar seguridad de sus fuerzas en Siria"},"content":{"rendered":"<p><span style=\"color: #800000\">Mosc\u00fa, SANA<\/span><\/p>\n<p>El presidente ruso, Vladimir Putin, asever\u00f3 que su pa\u00eds tomar\u00e1 medidas para afianzar la seguridad de sus militares en Siria tras el incidente del derribo del avi\u00f3n de reconocimiento ruso II 20.<\/p>\n<p>En una rueda de prensa conjunta con su el primer ministro de Hungr\u00eda en Mosc\u00fa, el mandatario ruso se\u00f1al\u00f3 que \u201cvamos a tomar medidas para afianzar la seguridad de nuestras instalaciones y militares en Siria, y todos notar\u00e1s estas medidas\u201d.<\/p>\n<p>Llam\u00f3 a iniciar una investigaci\u00f3n detallada sobre este incidente, dando p\u00e9same a los familiares de los militares rusos que perdieron la vida en el mismo.<\/p>\n<p>Es de se\u00f1alar que el Ministerio de Defensa ruso hab\u00eda declarado que el ente sionista asume la plena responsabilidad del derribo del avi\u00f3n ruso, y que Mosc\u00fa se reserva el derecho a responder en el momento oportuno.<\/p>\n<p>Lynn A.<\/p>\n","protected":false},"excerpt":{"rendered":"<p>Mosc\u00fa, SANA El presidente ruso, Vladimir Putin, asever\u00f3 que su pa\u00eds tomar\u00e1 medidas para afianzar la seguridad de sus militares en Siria tras el incidente del derribo del avi\u00f3n de reconocimiento ruso II 20. En una rueda de prensa conjunta con su el primer ministro de Hungr\u00eda en Mosc\u00fa, el mandatario ruso se\u00f1al\u00f3 que \u201cvamos &hellip;<\/p>\n","protected":false},"author":24,"featured_media":89461,"comment_status":"closed","ping_status":"closed","sticky":false,"template":"","format":"standard","meta":{"footnotes":""},"categories":[467],"tags":[],"class_list":["post-89460","post","type-post","status-publish","format-standard","has-post-thumbnail","","category-siria-y-el-mundo"],"_links":{"self":[{"href":"https:\/\/archive.sana.sy\/es\/index.php?rest_route=\/wp\/v2\/posts\/89460"}],"collection":[{"href":"https:\/\/archive.sana.sy\/es\/index.php?rest_route=\/wp\/v2\/posts"}],"about":[{"href":"https:\/\/archive.sana.sy\/es\/index.php?rest_route=\/wp\/v2\/types\/post"}],"author":[{"embeddable":true,"href":"https:\/\/archive.sana.sy\/es\/index.php?rest_route=\/wp\/v2\/users\/24"}],"replies":[{"embeddable":true,"href":"https:\/\/archive.sana.sy\/es\/index.php?rest_route=%2Fwp%2Fv2%2Fcomments&post=89460"}],"version-history":[{"count":0,"href":"https:\/\/archive.sana.sy\/es\/index.php?rest_route=\/wp\/v2\/posts\/89460\/revisions"}],"wp:featuredmedia":[{"embeddable":true,"href":"https:\/\/archive.sana.sy\/es\/index.php?rest_route=\/wp\/v2\/media\/89461"}],"wp:attachment":[{"href":"https:\/\/archive.sana.sy\/es\/index.php?rest_route=%2Fwp%2Fv2%2Fmedia&parent=89460"}],"wp:term":[{"taxonomy":"category","embeddable":true,"href":"https:\/\/archive.sana.sy\/es\/index.php?rest_route=%2Fwp%2Fv2%2Fcategories&post=89460"},{"taxonomy":"post_tag","embeddable":true,"href":"https:\/\/archive.sana.sy\/es\/index.php?rest_route=%2Fwp%2Fv2%2Ftags&post=89460"}],"curies":[{"name":"wp","href":"https:\/\/api.w.org\/{rel}","templated":true}]}}