{"id":89463,"date":"2018-09-18T20:16:20","date_gmt":"2018-09-18T17:16:20","guid":{"rendered":"http:\/\/www.sana.sy\/es\/?p=89463"},"modified":"2018-09-18T20:19:09","modified_gmt":"2018-09-18T17:19:09","slug":"nebenzya-acuerdo-de-idleb-afirma-que-la-lucha-contra-el-terrorismo-seguira","status":"publish","type":"post","link":"https:\/\/archive.sana.sy\/es\/?p=89463","title":{"rendered":"Nebenzya: acuerdo de Idleb afirma que la lucha contra el terrorismo seguir\u00e1"},"content":{"rendered":"<p><span style=\"color: #800000\">Nueva York, SANA<\/span><\/p>\n<p>El representante permanente de Rusia ante la ONU, Vasili Nebenzya, que el acuerdo de Idleb logrado ayer en Sochi afirma que la lucha contra el terrorismo seguir\u00e1 y que los sirios son los \u00fanicos a los que corresponde decidir el futuro de su pa\u00eds seg\u00fan la resoluci\u00f3n No.2254.<\/p>\n<p>Durante una sesi\u00f3n del CSNU sobre Siria, Nebenzya dijo que no es admisible prestar ayuda humanitaria de forma selectiva, criticando que Washigton sigue impidiendo el acceso de la ayuda humanitaria al campamento de Rukban.<\/p>\n<p>Lynn A.<\/p>\n","protected":false},"excerpt":{"rendered":"<p>Nueva York, SANA El representante permanente de Rusia ante la ONU, Vasili Nebenzya, que el acuerdo de Idleb logrado ayer en Sochi afirma que la lucha contra el terrorismo seguir\u00e1 y que los sirios son los \u00fanicos a los que corresponde decidir el futuro de su pa\u00eds seg\u00fan la resoluci\u00f3n No.2254. Durante una sesi\u00f3n del &hellip;<\/p>\n","protected":false},"author":24,"featured_media":89464,"comment_status":"closed","ping_status":"closed","sticky":false,"template":"","format":"standard","meta":{"footnotes":""},"categories":[597,467,7541],"tags":[],"class_list":["post-89463","post","type-post","status-publish","format-standard","has-post-thumbnail","","category-cinta-de-noticias","category-siria-y-el-mundo","category-ultimas-noticias"],"_links":{"self":[{"href":"https:\/\/archive.sana.sy\/es\/index.php?rest_route=\/wp\/v2\/posts\/89463"}],"collection":[{"href":"https:\/\/archive.sana.sy\/es\/index.php?rest_route=\/wp\/v2\/posts"}],"about":[{"href":"https:\/\/archive.sana.sy\/es\/index.php?rest_route=\/wp\/v2\/types\/post"}],"author":[{"embeddable":true,"href":"https:\/\/archive.sana.sy\/es\/index.php?rest_route=\/wp\/v2\/users\/24"}],"replies":[{"embeddable":true,"href":"https:\/\/archive.sana.sy\/es\/index.php?rest_route=%2Fwp%2Fv2%2Fcomments&post=89463"}],"version-history":[{"count":0,"href":"https:\/\/archive.sana.sy\/es\/index.php?rest_route=\/wp\/v2\/posts\/89463\/revisions"}],"wp:featuredmedia":[{"embeddable":true,"href":"https:\/\/archive.sana.sy\/es\/index.php?rest_route=\/wp\/v2\/media\/89464"}],"wp:attachment":[{"href":"https:\/\/archive.sana.sy\/es\/index.php?rest_route=%2Fwp%2Fv2%2Fmedia&parent=89463"}],"wp:term":[{"taxonomy":"category","embeddable":true,"href":"https:\/\/archive.sana.sy\/es\/index.php?rest_route=%2Fwp%2Fv2%2Fcategories&post=89463"},{"taxonomy":"post_tag","embeddable":true,"href":"https:\/\/archive.sana.sy\/es\/index.php?rest_route=%2Fwp%2Fv2%2Ftags&post=89463"}],"curies":[{"name":"wp","href":"https:\/\/api.w.org\/{rel}","templated":true}]}}