{"id":89468,"date":"2018-09-18T20:40:29","date_gmt":"2018-09-18T17:40:29","guid":{"rendered":"http:\/\/www.sana.sy\/es\/?p=89468"},"modified":"2018-09-18T20:40:29","modified_gmt":"2018-09-18T17:40:29","slug":"jaafari-ultima-agresion-israeli-contra-siria-forma-parte-de-la-politica-hostil-del-ente-sionista-y-su-apoyo-moral-a-los-grupos-terroristas","status":"publish","type":"post","link":"https:\/\/archive.sana.sy\/es\/?p=89468","title":{"rendered":"Jaafari: \u00faltima agresi\u00f3n israel\u00ed contra Siria forma parte de la pol\u00edtica hostil del ente sionista y su apoyo moral a los grupos terroristas"},"content":{"rendered":"<p><span style=\"color: #800000\">Nueva York, SANA<\/span><\/p>\n<p>El embajador de Siria ante las Naciones Unidas, Bashar Jaafari, que la \u00faltima agresi\u00f3n israel\u00ed contra Siria forma parte de la pol\u00edtica hostil del ente sionista y sus intentos de dar apoyo moral a los grupos terroristas que sufren colapso a manos del Ej\u00e9rcito sirio.<\/p>\n<p>Durante una sesi\u00f3n del Consejo de Seguridad de la ONU sobre la situaci\u00f3n en Siria, Jaafari se pregunt\u00f3 por qu\u00e9 el enviado especial de la ONU, Staffan de Mistura, y el se\u00f1or Lowkock no mencionaron las repetidas agresiones israel\u00edes en sus reportes.<\/p>\n<p>Exigi\u00f3 al CSNU que tome medidas decisivas e inmediatas para inculpar a Israel por su terrorismo y sus cr\u00edmenes que constituyen una violaci\u00f3n de la Carta de la ONU y las normas de la Ley Internacional.<\/p>\n<p>Aclar\u00f3 que el ex canciller franc\u00e9s, Roland Duma, admiti\u00f3 en 2013 que los funcionarios brit\u00e1nicos confesaron que su pa\u00eds planificaba con otros socios para atacar a Siria antes de dos a\u00f1os del inicio de la guerra terrorista contra esta naci\u00f3n.<\/p>\n<p>Explic\u00f3 que Occidente quiso guerrearle a Siria con la intenci\u00f3n de cambiar sus posturas pol\u00edticas y su identidad nacional y regional en servicio al proyecto del Nuevo Oriente Medio y los intereses del ente sionista, y con el fin de acabar con el derecho del pueblo palestino a establecer un Estado independiente.<\/p>\n<p>Critic\u00f3 que el gobierno franc\u00e9s ha continuado con su apoyo pol\u00edtico a los grupos terroristas en Siria, aunque fuesen los mismos que atacaron el teatro de Bataclan en Par\u00eds.<\/p>\n<p>Destac\u00f3 que preservar la vida de los sirios implica cooperar con el gobierno sirio y apoyar sus esfuerzos destinados a acabar con el flagelo del terrorismo.<\/p>\n<p>Reiter\u00f3 que Siria seguir\u00e1 trabajando para alcanzar una soluci\u00f3n pol\u00edtica de la crisis mediante un di\u00e1logo sirio-sirio liderado por los propios sirios y sin injerencia extranjera, a la hora de que la lucha antiterrorista encabece las propiedades en todas las etapas y el desarrollo del proceso pol\u00edtico.<\/p>\n<p>Asimismo seguir\u00e1 trabajando para que los desplazados regresen a sus hogares, y para lanzar el proceso de reconstrucci\u00f3n y limpiar todo el territorio sirio de los terroristas y las tropas extranjeras ocupantes, agregando que Siria ya ha cumplido sus obligaciones en lo relacionado con la Comisi\u00f3n de Discusi\u00f3n de la Constituci\u00f3n, donde present\u00f3 su lista de nombre a la misma.<\/p>\n<p>\u201cSiria sigue agradeciendo cualquier medida que detenga el desangramiento y participe en el restablecimiento de seguridad\u201d, dijo, reiterando que Siria continuar\u00e1 la lucha contra el terrorismo hasta liberar a todo su territorio ya sea por los operativos militares o a trav\u00e9s de las reconciliaciones.<\/p>\n<p>El acuerdo de Idleb es resultado de consultas amplias entre Siria y Rusia con plena coordinaci\u00f3n entre ambos pa\u00edses, sostuvo.<\/p>\n<p>Asimismo destac\u00f3 que el mismo tiene plazos claros y forma parte de los acuerdos anteriores sobre las zonas de distenci\u00f3n, resultado del proceso de Astan\u00e1 logrado basado en comprometerse con la preservaci\u00f3n de la soberan\u00eda, independencia e integridad territorial de Siria, y liberar el territorio de esta naci\u00f3n del terrorismo y de cualquier presencia militar for\u00e1nea il\u00edcita.<\/p>\n<p>&nbsp;<\/p>\n<p>Lynn A.<\/p>\n","protected":false},"excerpt":{"rendered":"<p>Nueva York, SANA El embajador de Siria ante las Naciones Unidas, Bashar Jaafari, que la \u00faltima agresi\u00f3n israel\u00ed contra Siria forma parte de la pol\u00edtica hostil del ente sionista y sus intentos de dar apoyo moral a los grupos terroristas que sufren colapso a manos del Ej\u00e9rcito sirio. Durante una sesi\u00f3n del Consejo de Seguridad &hellip;<\/p>\n","protected":false},"author":24,"featured_media":89469,"comment_status":"closed","ping_status":"closed","sticky":false,"template":"","format":"standard","meta":{"footnotes":""},"categories":[597,467,583],"tags":[],"class_list":["post-89468","post","type-post","status-publish","format-standard","has-post-thumbnail","","category-cinta-de-noticias","category-siria-y-el-mundo","category-slide"],"_links":{"self":[{"href":"https:\/\/archive.sana.sy\/es\/index.php?rest_route=\/wp\/v2\/posts\/89468"}],"collection":[{"href":"https:\/\/archive.sana.sy\/es\/index.php?rest_route=\/wp\/v2\/posts"}],"about":[{"href":"https:\/\/archive.sana.sy\/es\/index.php?rest_route=\/wp\/v2\/types\/post"}],"author":[{"embeddable":true,"href":"https:\/\/archive.sana.sy\/es\/index.php?rest_route=\/wp\/v2\/users\/24"}],"replies":[{"embeddable":true,"href":"https:\/\/archive.sana.sy\/es\/index.php?rest_route=%2Fwp%2Fv2%2Fcomments&post=89468"}],"version-history":[{"count":0,"href":"https:\/\/archive.sana.sy\/es\/index.php?rest_route=\/wp\/v2\/posts\/89468\/revisions"}],"wp:featuredmedia":[{"embeddable":true,"href":"https:\/\/archive.sana.sy\/es\/index.php?rest_route=\/wp\/v2\/media\/89469"}],"wp:attachment":[{"href":"https:\/\/archive.sana.sy\/es\/index.php?rest_route=%2Fwp%2Fv2%2Fmedia&parent=89468"}],"wp:term":[{"taxonomy":"category","embeddable":true,"href":"https:\/\/archive.sana.sy\/es\/index.php?rest_route=%2Fwp%2Fv2%2Fcategories&post=89468"},{"taxonomy":"post_tag","embeddable":true,"href":"https:\/\/archive.sana.sy\/es\/index.php?rest_route=%2Fwp%2Fv2%2Ftags&post=89468"}],"curies":[{"name":"wp","href":"https:\/\/api.w.org\/{rel}","templated":true}]}}