{"id":89478,"date":"2018-09-19T12:25:57","date_gmt":"2018-09-19T09:25:57","guid":{"rendered":"http:\/\/www.sana.sy\/es\/?p=89478"},"modified":"2018-09-19T12:47:26","modified_gmt":"2018-09-19T09:47:26","slug":"termina-conteo-de-votos-en-las-elecciones-municipales","status":"publish","type":"post","link":"https:\/\/archive.sana.sy\/es\/?p=89478","title":{"rendered":"Termina conteo de votos en las elecciones municipales"},"content":{"rendered":"<p><span style=\"color: #800000;\">Damasco, SANA<\/span><\/p>\n<p>El Comit\u00e9 Judicial Supremo, que supervis\u00f3 las elecciones municipales, anunci\u00f3 el fin del proceso de conteo de votos en todas las provincia sirias.<\/p>\n<p>El presidente del Comit\u00e9, el juez Suleiman Al-Qaed, dijo que los resultados ser\u00e1n anunciados por los subcomit\u00e9s en cada provincia por separado.<\/p>\n<p>Explic\u00f3 que los miembros de los consejos provinciales ser\u00e1n nombrados por decreto presidencial mientras que los miembros de los Concejos Municipales ser\u00e1n nombrados por resoluci\u00f3n del Ministro de Administraci\u00f3n Municipal.<\/p>\n<p>Las elecciones municipales se celebraron el d\u00eda 16 de este mes donde los ciudadanos votaron por m\u00e1s de 40 mil candidatos que compitieron por 18.478 esca\u00f1os.<\/p>\n<p>El art\u00edculo No. 132 de la Constituci\u00f3n siria aprobada en el a\u00f1o 2012, estipula la organizaci\u00f3n de elecciones municipales en las que se dan poderes y facultades descentralizadas.<\/p>\n<p><span style=\"color: #0000ff;\">F. Marouf\/ Ammar H.<\/span><\/p>\n","protected":false},"excerpt":{"rendered":"<p>Damasco, SANA El Comit\u00e9 Judicial Supremo, que supervis\u00f3 las elecciones municipales, anunci\u00f3 el fin del proceso de conteo de votos en todas las provincia sirias. El presidente del Comit\u00e9, el juez Suleiman Al-Qaed, dijo que los resultados ser\u00e1n anunciados por los subcomit\u00e9s en cada provincia por separado. Explic\u00f3 que los miembros de los consejos provinciales &hellip;<\/p>\n","protected":false},"author":1,"featured_media":89479,"comment_status":"closed","ping_status":"closed","sticky":false,"template":"","format":"standard","meta":{"footnotes":""},"categories":[597,476,7541],"tags":[12687],"class_list":["post-89478","post","type-post","status-publish","format-standard","has-post-thumbnail","","category-cinta-de-noticias","category-locales","category-ultimas-noticias","tag-termina-conteo-de-votos-en-las-elecciones-municipales"],"_links":{"self":[{"href":"https:\/\/archive.sana.sy\/es\/index.php?rest_route=\/wp\/v2\/posts\/89478"}],"collection":[{"href":"https:\/\/archive.sana.sy\/es\/index.php?rest_route=\/wp\/v2\/posts"}],"about":[{"href":"https:\/\/archive.sana.sy\/es\/index.php?rest_route=\/wp\/v2\/types\/post"}],"author":[{"embeddable":true,"href":"https:\/\/archive.sana.sy\/es\/index.php?rest_route=\/wp\/v2\/users\/1"}],"replies":[{"embeddable":true,"href":"https:\/\/archive.sana.sy\/es\/index.php?rest_route=%2Fwp%2Fv2%2Fcomments&post=89478"}],"version-history":[{"count":0,"href":"https:\/\/archive.sana.sy\/es\/index.php?rest_route=\/wp\/v2\/posts\/89478\/revisions"}],"wp:featuredmedia":[{"embeddable":true,"href":"https:\/\/archive.sana.sy\/es\/index.php?rest_route=\/wp\/v2\/media\/89479"}],"wp:attachment":[{"href":"https:\/\/archive.sana.sy\/es\/index.php?rest_route=%2Fwp%2Fv2%2Fmedia&parent=89478"}],"wp:term":[{"taxonomy":"category","embeddable":true,"href":"https:\/\/archive.sana.sy\/es\/index.php?rest_route=%2Fwp%2Fv2%2Fcategories&post=89478"},{"taxonomy":"post_tag","embeddable":true,"href":"https:\/\/archive.sana.sy\/es\/index.php?rest_route=%2Fwp%2Fv2%2Ftags&post=89478"}],"curies":[{"name":"wp","href":"https:\/\/api.w.org\/{rel}","templated":true}]}}