{"id":89513,"date":"2018-09-19T19:51:10","date_gmt":"2018-09-19T16:51:10","guid":{"rendered":"http:\/\/www.sana.sy\/es\/?p=89513"},"modified":"2018-09-19T19:51:10","modified_gmt":"2018-09-19T16:51:10","slug":"masiva-manifestacion-contra-practicas-arbitrarias-de-la-milicia-de-assayish-en-qamishli","status":"publish","type":"post","link":"https:\/\/archive.sana.sy\/es\/?p=89513","title":{"rendered":"Masiva manifestaci\u00f3n contra pr\u00e1cticas arbitrarias de la milicia de Assayish en Qamishli"},"content":{"rendered":"<p><span style=\"color: #800000\">Hassakeh, SANA<\/span><\/p>\n<p>Centenares de vecinos de la ciudad de Qamishli organizaron este mi\u00e9rcoles un acto de protesta y condena a las pr\u00e1cticas arbitrarias llevadas a cabo por la milicia del autodenominado \u201cAssayish\u201d en su contra.<\/p>\n<p>Durante el acto que tuvo lugar en la plaza central de Qamishli, los participantes se pronunciaron a favor de la unidad nacional y en contra de la sedici\u00f3n, denunciando a la vez las campa\u00f1as de detenci\u00f3n llevada a cabo a diario en contra de los habitantes de la ciudad. En este contexto exigieron la liberaci\u00f3n de todos los detenidos y los rehenes en las prisiones de dicha milicia.<\/p>\n<p>Asimismo expresaron su plena solidaridad con el Ej\u00e9rcito sirio que sigue ofreciendo sacrificios para depurar el territorio sirio de todas las manifestaciones del terrorismo.<\/p>\n<p>Es de recordar que centenares de pobladores de Qamishli manifestaron el 29 del pasado mes tras la irrupci\u00f3n de la milicia de Assayish en varias escuelas de la ciudad y la toma de control de las mismas para imponer planes de estudios diferentes a los adoptados por el Ministerio de Educaci\u00f3n sirio.<\/p>\n<div id='gallery-1' class='gallery galleryid-89513 gallery-columns-3 gallery-size-thumbnail'><figure class='gallery-item'>\n\t\t\t<div class='gallery-icon landscape'>\n\t\t\t\t<a href='https:\/\/archive.sana.sy\/es\/wp-content\/uploads\/2018\/09\/photo_2018-09-19_18-57-38.jpg'><img loading=\"lazy\" decoding=\"async\" width=\"150\" height=\"101\" src=\"https:\/\/archive.sana.sy\/es\/wp-content\/uploads\/2018\/09\/photo_2018-09-19_18-57-38-150x101.jpg\" class=\"attachment-thumbnail size-thumbnail\" alt=\"\" srcset=\"https:\/\/archive.sana.sy\/es\/wp-content\/uploads\/2018\/09\/photo_2018-09-19_18-57-38-150x101.jpg 150w, https:\/\/archive.sana.sy\/es\/wp-content\/uploads\/2018\/09\/photo_2018-09-19_18-57-38-300x202.jpg 300w, https:\/\/archive.sana.sy\/es\/wp-content\/uploads\/2018\/09\/photo_2018-09-19_18-57-38-768x516.jpg 768w, https:\/\/archive.sana.sy\/es\/wp-content\/uploads\/2018\/09\/photo_2018-09-19_18-57-38-110x75.jpg 110w, https:\/\/archive.sana.sy\/es\/wp-content\/uploads\/2018\/09\/photo_2018-09-19_18-57-38.jpg 969w\" sizes=\"(max-width: 150px) 100vw, 150px\" \/><\/a>\n\t\t\t<\/div><\/figure><figure class='gallery-item'>\n\t\t\t<div class='gallery-icon landscape'>\n\t\t\t\t<a href='https:\/\/archive.sana.sy\/es\/wp-content\/uploads\/2018\/09\/photo_2018-09-19_18-57-36.jpg'><img loading=\"lazy\" decoding=\"async\" width=\"150\" height=\"92\" src=\"https:\/\/archive.sana.sy\/es\/wp-content\/uploads\/2018\/09\/photo_2018-09-19_18-57-36-150x92.jpg\" class=\"attachment-thumbnail size-thumbnail\" alt=\"\" srcset=\"https:\/\/archive.sana.sy\/es\/wp-content\/uploads\/2018\/09\/photo_2018-09-19_18-57-36-150x92.jpg 150w, https:\/\/archive.sana.sy\/es\/wp-content\/uploads\/2018\/09\/photo_2018-09-19_18-57-36-300x184.jpg 300w, https:\/\/archive.sana.sy\/es\/wp-content\/uploads\/2018\/09\/photo_2018-09-19_18-57-36-768x470.jpg 768w, https:\/\/archive.sana.sy\/es\/wp-content\/uploads\/2018\/09\/photo_2018-09-19_18-57-36.jpg 867w\" sizes=\"(max-width: 150px) 100vw, 150px\" \/><\/a>\n\t\t\t<\/div><\/figure><figure class='gallery-item'>\n\t\t\t<div class='gallery-icon landscape'>\n\t\t\t\t<a href='https:\/\/archive.sana.sy\/es\/wp-content\/uploads\/2018\/09\/photo_2018-09-19_18-57-34.jpg'><img loading=\"lazy\" decoding=\"async\" width=\"150\" height=\"106\" src=\"https:\/\/archive.sana.sy\/es\/wp-content\/uploads\/2018\/09\/photo_2018-09-19_18-57-34-150x106.jpg\" class=\"attachment-thumbnail size-thumbnail\" alt=\"\" srcset=\"https:\/\/archive.sana.sy\/es\/wp-content\/uploads\/2018\/09\/photo_2018-09-19_18-57-34-150x106.jpg 150w, https:\/\/archive.sana.sy\/es\/wp-content\/uploads\/2018\/09\/photo_2018-09-19_18-57-34-300x212.jpg 300w, https:\/\/archive.sana.sy\/es\/wp-content\/uploads\/2018\/09\/photo_2018-09-19_18-57-34-768x542.jpg 768w, https:\/\/archive.sana.sy\/es\/wp-content\/uploads\/2018\/09\/photo_2018-09-19_18-57-34-1024x722.jpg 1024w, https:\/\/archive.sana.sy\/es\/wp-content\/uploads\/2018\/09\/photo_2018-09-19_18-57-34.jpg 1080w\" sizes=\"(max-width: 150px) 100vw, 150px\" \/><\/a>\n\t\t\t<\/div><\/figure>\n\t\t<\/div>\n\n<p>Lynn A.<\/p>\n","protected":false},"excerpt":{"rendered":"<p>Hassakeh, SANA Centenares de vecinos de la ciudad de Qamishli organizaron este mi\u00e9rcoles un acto de protesta y condena a las pr\u00e1cticas arbitrarias llevadas a cabo por la milicia del autodenominado \u201cAssayish\u201d en su contra. Durante el acto que tuvo lugar en la plaza central de Qamishli, los participantes se pronunciaron a favor de la &hellip;<\/p>\n","protected":false},"author":24,"featured_media":89516,"comment_status":"closed","ping_status":"closed","sticky":false,"template":"","format":"standard","meta":{"footnotes":""},"categories":[597,476,7541],"tags":[],"class_list":["post-89513","post","type-post","status-publish","format-standard","has-post-thumbnail","","category-cinta-de-noticias","category-locales","category-ultimas-noticias"],"_links":{"self":[{"href":"https:\/\/archive.sana.sy\/es\/index.php?rest_route=\/wp\/v2\/posts\/89513"}],"collection":[{"href":"https:\/\/archive.sana.sy\/es\/index.php?rest_route=\/wp\/v2\/posts"}],"about":[{"href":"https:\/\/archive.sana.sy\/es\/index.php?rest_route=\/wp\/v2\/types\/post"}],"author":[{"embeddable":true,"href":"https:\/\/archive.sana.sy\/es\/index.php?rest_route=\/wp\/v2\/users\/24"}],"replies":[{"embeddable":true,"href":"https:\/\/archive.sana.sy\/es\/index.php?rest_route=%2Fwp%2Fv2%2Fcomments&post=89513"}],"version-history":[{"count":0,"href":"https:\/\/archive.sana.sy\/es\/index.php?rest_route=\/wp\/v2\/posts\/89513\/revisions"}],"wp:featuredmedia":[{"embeddable":true,"href":"https:\/\/archive.sana.sy\/es\/index.php?rest_route=\/wp\/v2\/media\/89516"}],"wp:attachment":[{"href":"https:\/\/archive.sana.sy\/es\/index.php?rest_route=%2Fwp%2Fv2%2Fmedia&parent=89513"}],"wp:term":[{"taxonomy":"category","embeddable":true,"href":"https:\/\/archive.sana.sy\/es\/index.php?rest_route=%2Fwp%2Fv2%2Fcategories&post=89513"},{"taxonomy":"post_tag","embeddable":true,"href":"https:\/\/archive.sana.sy\/es\/index.php?rest_route=%2Fwp%2Fv2%2Ftags&post=89513"}],"curies":[{"name":"wp","href":"https:\/\/api.w.org\/{rel}","templated":true}]}}