{"id":89518,"date":"2018-09-19T20:19:34","date_gmt":"2018-09-19T17:19:34","guid":{"rendered":"http:\/\/www.sana.sy\/es\/?p=89518"},"modified":"2018-09-19T20:19:34","modified_gmt":"2018-09-19T17:19:34","slug":"gran-mufti-y-jefe-del-consejo-de-mufties-de-la-federacion-de-rusia-examina-cooperacion-bilateral","status":"publish","type":"post","link":"https:\/\/archive.sana.sy\/es\/?p=89518","title":{"rendered":"Gran Muft\u00ed y jefe del Consejo de Muft\u00edes de la Federaci\u00f3n de Rusia examina cooperaci\u00f3n bilateral"},"content":{"rendered":"<p><span style=\"color: #800000\">Mosc\u00fa, SANA<\/span><\/p>\n<p>El gran Muft\u00ed de la Rep\u00fablica, Ahmad Bader Eddin Hassoun, abord\u00f3 con el jefe del Consejo de Muft\u00edes de la Federaci\u00f3n de Rusia, Rawil Gaynetdin, en Mosc\u00fa las v\u00edas de promover la cooperaci\u00f3n entre los dos Dar al-Ifta &#8216; en Siria y Rusia.<\/p>\n<p>Ambas partes analizaron las medidas de prevenci\u00f3n de la involucraci\u00f3n de los j\u00f3venes en las organizaciones terroristas extremistas que alegan defender el islam, as\u00ed como los m\u00e9todos para consolidar la cooperaci\u00f3n bilateral en materia de la educaci\u00f3n religiosa, el intercambio de experiencias de ense\u00f1anza y el desarrollo de los curr\u00edculos.<\/p>\n<p>El encuentro cont\u00f3 con la asistencia del embajador de Siria ante Mosc\u00fa, Riad Haddad.<\/p>\n<p>Lynn A.<\/p>\n","protected":false},"excerpt":{"rendered":"<p>Mosc\u00fa, SANA El gran Muft\u00ed de la Rep\u00fablica, Ahmad Bader Eddin Hassoun, abord\u00f3 con el jefe del Consejo de Muft\u00edes de la Federaci\u00f3n de Rusia, Rawil Gaynetdin, en Mosc\u00fa las v\u00edas de promover la cooperaci\u00f3n entre los dos Dar al-Ifta &#8216; en Siria y Rusia. Ambas partes analizaron las medidas de prevenci\u00f3n de la involucraci\u00f3n &hellip;<\/p>\n","protected":false},"author":24,"featured_media":89519,"comment_status":"closed","ping_status":"closed","sticky":false,"template":"","format":"standard","meta":{"footnotes":""},"categories":[467,7541],"tags":[],"class_list":["post-89518","post","type-post","status-publish","format-standard","has-post-thumbnail","","category-siria-y-el-mundo","category-ultimas-noticias"],"_links":{"self":[{"href":"https:\/\/archive.sana.sy\/es\/index.php?rest_route=\/wp\/v2\/posts\/89518"}],"collection":[{"href":"https:\/\/archive.sana.sy\/es\/index.php?rest_route=\/wp\/v2\/posts"}],"about":[{"href":"https:\/\/archive.sana.sy\/es\/index.php?rest_route=\/wp\/v2\/types\/post"}],"author":[{"embeddable":true,"href":"https:\/\/archive.sana.sy\/es\/index.php?rest_route=\/wp\/v2\/users\/24"}],"replies":[{"embeddable":true,"href":"https:\/\/archive.sana.sy\/es\/index.php?rest_route=%2Fwp%2Fv2%2Fcomments&post=89518"}],"version-history":[{"count":0,"href":"https:\/\/archive.sana.sy\/es\/index.php?rest_route=\/wp\/v2\/posts\/89518\/revisions"}],"wp:featuredmedia":[{"embeddable":true,"href":"https:\/\/archive.sana.sy\/es\/index.php?rest_route=\/wp\/v2\/media\/89519"}],"wp:attachment":[{"href":"https:\/\/archive.sana.sy\/es\/index.php?rest_route=%2Fwp%2Fv2%2Fmedia&parent=89518"}],"wp:term":[{"taxonomy":"category","embeddable":true,"href":"https:\/\/archive.sana.sy\/es\/index.php?rest_route=%2Fwp%2Fv2%2Fcategories&post=89518"},{"taxonomy":"post_tag","embeddable":true,"href":"https:\/\/archive.sana.sy\/es\/index.php?rest_route=%2Fwp%2Fv2%2Ftags&post=89518"}],"curies":[{"name":"wp","href":"https:\/\/api.w.org\/{rel}","templated":true}]}}