{"id":89528,"date":"2018-09-20T00:15:27","date_gmt":"2018-09-19T21:15:27","guid":{"rendered":"http:\/\/www.sana.sy\/es\/?p=89528"},"modified":"2018-09-20T10:59:49","modified_gmt":"2018-09-20T07:59:49","slug":"nasrallah-ee-uu-hizo-el-daesh-y-lo-traslada-de-un-lugar-para-otro","status":"publish","type":"post","link":"https:\/\/archive.sana.sy\/es\/?p=89528","title":{"rendered":"Nasrallah: EE.UU hizo el Daesh y lo traslada de un lugar para otro"},"content":{"rendered":"<p style=\"text-align: justify;\"><span style=\"color: #800000;\">Beirut, SANA<\/span><\/p>\n<p style=\"text-align: justify;\">El Secretario General del Movimiento de Resistencia del L\u00edbano, Hassan Nasrallah, dijo que EE.UU hizo el grupo terrorista Daesh y es la que lo traslada de un lugar para otro y prolonga su presencia de determinadas \u00e1reas en el noreste de Siria.<\/p>\n<p style=\"text-align: justify;\">Nasrallah se pronunci\u00f3 respecto al acuerdo de Sochi sobre Idleb y dijo que el mismo es un paso en el camino hacia una soluci\u00f3n pol\u00edtica en Siria, pero depende de la aplicaci\u00f3n estricta del acuerdo y la posici\u00f3n de Hizbollah en este sentido est\u00e1 vinculada a la posici\u00f3n de la direcci\u00f3n siria.<\/p>\n<p style=\"text-align: justify;\"><span style=\"color: #0000ff;\">F. Marouf\/ Dr. A. Shaban<\/span><\/p>\n","protected":false},"excerpt":{"rendered":"<p>Beirut, SANA El Secretario General del Movimiento de Resistencia del L\u00edbano, Hassan Nasrallah, dijo que EE.UU hizo el grupo terrorista Daesh y es la que lo traslada de un lugar para otro y prolonga su presencia de determinadas \u00e1reas en el noreste de Siria. Nasrallah se pronunci\u00f3 respecto al acuerdo de Sochi sobre Idleb y &hellip;<\/p>\n","protected":false},"author":1,"featured_media":89529,"comment_status":"closed","ping_status":"closed","sticky":false,"template":"","format":"standard","meta":{"footnotes":""},"categories":[597,456,7541],"tags":[],"class_list":["post-89528","post","type-post","status-publish","format-standard","has-post-thumbnail","","category-cinta-de-noticias","category-arabe-internacional-politica","category-ultimas-noticias"],"_links":{"self":[{"href":"https:\/\/archive.sana.sy\/es\/index.php?rest_route=\/wp\/v2\/posts\/89528"}],"collection":[{"href":"https:\/\/archive.sana.sy\/es\/index.php?rest_route=\/wp\/v2\/posts"}],"about":[{"href":"https:\/\/archive.sana.sy\/es\/index.php?rest_route=\/wp\/v2\/types\/post"}],"author":[{"embeddable":true,"href":"https:\/\/archive.sana.sy\/es\/index.php?rest_route=\/wp\/v2\/users\/1"}],"replies":[{"embeddable":true,"href":"https:\/\/archive.sana.sy\/es\/index.php?rest_route=%2Fwp%2Fv2%2Fcomments&post=89528"}],"version-history":[{"count":0,"href":"https:\/\/archive.sana.sy\/es\/index.php?rest_route=\/wp\/v2\/posts\/89528\/revisions"}],"wp:featuredmedia":[{"embeddable":true,"href":"https:\/\/archive.sana.sy\/es\/index.php?rest_route=\/wp\/v2\/media\/89529"}],"wp:attachment":[{"href":"https:\/\/archive.sana.sy\/es\/index.php?rest_route=%2Fwp%2Fv2%2Fmedia&parent=89528"}],"wp:term":[{"taxonomy":"category","embeddable":true,"href":"https:\/\/archive.sana.sy\/es\/index.php?rest_route=%2Fwp%2Fv2%2Fcategories&post=89528"},{"taxonomy":"post_tag","embeddable":true,"href":"https:\/\/archive.sana.sy\/es\/index.php?rest_route=%2Fwp%2Fv2%2Ftags&post=89528"}],"curies":[{"name":"wp","href":"https:\/\/api.w.org\/{rel}","templated":true}]}}