{"id":89611,"date":"2018-09-21T08:45:24","date_gmt":"2018-09-21T05:45:24","guid":{"rendered":"http:\/\/www.sana.sy\/es\/?p=89611"},"modified":"2018-09-21T11:49:06","modified_gmt":"2018-09-21T08:49:06","slug":"siria-participa-en-los-eventos-del-ii-foro-femenino-euroasiatico","status":"publish","type":"post","link":"https:\/\/archive.sana.sy\/es\/?p=89611","title":{"rendered":"Siria participa en los eventos del II Foro Femenino Euroasi\u00e1tico"},"content":{"rendered":"<p style=\"text-align: justify;\"><span style=\"color: #800000;\">Mosc\u00fa, SANA<\/span><\/p>\n<p style=\"text-align: justify;\">En la ciudad rusa de San Petersburgo han comenzado hoy las labores del II Foro Femenino Euroasi\u00e1tico en la ciudad de San Petersburgo con la participaci\u00f3n de una delegaci\u00f3n parlamentaria femenina siria y delegaciones de diversos pa\u00edses del mundo.<\/p>\n<p style=\"text-align: justify;\">El presidente ruso Vladimir Putin pronunci\u00f3 una palabra elogiando el rol de la mujer en la vida socioecon\u00f3mica y educativa, e hizo alusi\u00f3n a las tareas del estado en los programas de maternidad e infancia.<\/p>\n<p style=\"text-align: justify;\">Putin llam\u00f3 a solucionar el problema de la desigualdad de g\u00e9nero y levantar las restricciones profesionales que podr\u00edan representar un obst\u00e1culo laboral para las mujeres cuyo trabajo es tan beneficioso para la humanidad.<\/p>\n<p style=\"text-align: justify;\"><span style=\"color: #0000ff;\">Dr. A. Shaban\/ Ammar H.<\/span><\/p>\n","protected":false},"excerpt":{"rendered":"<p>Mosc\u00fa, SANA En la ciudad rusa de San Petersburgo han comenzado hoy las labores del II Foro Femenino Euroasi\u00e1tico en la ciudad de San Petersburgo con la participaci\u00f3n de una delegaci\u00f3n parlamentaria femenina siria y delegaciones de diversos pa\u00edses del mundo. El presidente ruso Vladimir Putin pronunci\u00f3 una palabra elogiando el rol de la mujer &hellip;<\/p>\n","protected":false},"author":1,"featured_media":89613,"comment_status":"closed","ping_status":"closed","sticky":false,"template":"","format":"standard","meta":{"footnotes":""},"categories":[597,467,7541],"tags":[12703],"class_list":["post-89611","post","type-post","status-publish","format-standard","has-post-thumbnail","","category-cinta-de-noticias","category-siria-y-el-mundo","category-ultimas-noticias","tag-siria-participa-en-los-eventos-del-ii-foro-femenino-euroasiatico"],"_links":{"self":[{"href":"https:\/\/archive.sana.sy\/es\/index.php?rest_route=\/wp\/v2\/posts\/89611"}],"collection":[{"href":"https:\/\/archive.sana.sy\/es\/index.php?rest_route=\/wp\/v2\/posts"}],"about":[{"href":"https:\/\/archive.sana.sy\/es\/index.php?rest_route=\/wp\/v2\/types\/post"}],"author":[{"embeddable":true,"href":"https:\/\/archive.sana.sy\/es\/index.php?rest_route=\/wp\/v2\/users\/1"}],"replies":[{"embeddable":true,"href":"https:\/\/archive.sana.sy\/es\/index.php?rest_route=%2Fwp%2Fv2%2Fcomments&post=89611"}],"version-history":[{"count":0,"href":"https:\/\/archive.sana.sy\/es\/index.php?rest_route=\/wp\/v2\/posts\/89611\/revisions"}],"wp:featuredmedia":[{"embeddable":true,"href":"https:\/\/archive.sana.sy\/es\/index.php?rest_route=\/wp\/v2\/media\/89613"}],"wp:attachment":[{"href":"https:\/\/archive.sana.sy\/es\/index.php?rest_route=%2Fwp%2Fv2%2Fmedia&parent=89611"}],"wp:term":[{"taxonomy":"category","embeddable":true,"href":"https:\/\/archive.sana.sy\/es\/index.php?rest_route=%2Fwp%2Fv2%2Fcategories&post=89611"},{"taxonomy":"post_tag","embeddable":true,"href":"https:\/\/archive.sana.sy\/es\/index.php?rest_route=%2Fwp%2Fv2%2Ftags&post=89611"}],"curies":[{"name":"wp","href":"https:\/\/api.w.org\/{rel}","templated":true}]}}