{"id":89615,"date":"2018-09-21T07:50:45","date_gmt":"2018-09-21T04:50:45","guid":{"rendered":"http:\/\/www.sana.sy\/es\/?p=89615"},"modified":"2023-01-10T15:16:22","modified_gmt":"2023-01-10T13:16:22","slug":"vuelve-a-funcionar-la-fabrica-de-urea-en-la-empresa-general-de-fertilizantes-en-homs","status":"publish","type":"post","link":"https:\/\/archive.sana.sy\/es\/?p=89615","title":{"rendered":"Vuelve a funcionar la F\u00e1brica de Urea en la Empresa General de Fertilizantes en Homs"},"content":{"rendered":"<p><span style=\"color: #800000;\">Homs, SANA<\/span><\/p>\n<p>La Empresa General de Fertilizantes en Homs ha vuelto a poner en funcionamiento la F\u00e1brica de Urea tras una interrupci\u00f3n de dos meses. \u200f<\/p>\n<p>El director de la empresa, Ing. TarrafMeri, afirm\u00f3 en una declaraci\u00f3n a SANA que la f\u00e1brica esta lista t\u00e9cnicamente y se detuvo por dos meses debido a la falta de gas y ya que ha sido suministrado pues se va a producir 1000 toneladas de urea mensualmente y durante 4 meses. \u200f<\/p>\n<p>Meriagreg\u00f3 que las dem\u00e1s f\u00e1bricas est\u00e1n en buen estado t\u00e9cnico como la F\u00e1brica de Calentorro y la F\u00e1brica de Fosfato.<\/p>\n<p><span style=\"color: #0000ff;\">Dr. A. Shaban\/ Ammar H.<\/span><\/p>\n","protected":false},"excerpt":{"rendered":"<p>Homs, SANA La Empresa General de Fertilizantes en Homs ha vuelto a poner en funcionamiento la F\u00e1brica de Urea tras una interrupci\u00f3n de dos meses. \u200f El director de la empresa, Ing. TarrafMeri, afirm\u00f3 en una declaraci\u00f3n a SANA que la f\u00e1brica esta lista t\u00e9cnicamente y se detuvo por dos meses debido a la falta &hellip;<\/p>\n","protected":false},"author":1,"featured_media":89616,"comment_status":"closed","ping_status":"closed","sticky":false,"template":"","format":"standard","meta":{"footnotes":""},"categories":[597,485,7541],"tags":[12704],"class_list":["post-89615","post","type-post","status-publish","format-standard","has-post-thumbnail","","category-cinta-de-noticias","category-informes-negocios-y-finanzas","category-ultimas-noticias","tag-vuelve-a-funcionar-la-fabrica-de-urea-en-la-empresa-general-de-fertilizantes-en-homs"],"_links":{"self":[{"href":"https:\/\/archive.sana.sy\/es\/index.php?rest_route=\/wp\/v2\/posts\/89615"}],"collection":[{"href":"https:\/\/archive.sana.sy\/es\/index.php?rest_route=\/wp\/v2\/posts"}],"about":[{"href":"https:\/\/archive.sana.sy\/es\/index.php?rest_route=\/wp\/v2\/types\/post"}],"author":[{"embeddable":true,"href":"https:\/\/archive.sana.sy\/es\/index.php?rest_route=\/wp\/v2\/users\/1"}],"replies":[{"embeddable":true,"href":"https:\/\/archive.sana.sy\/es\/index.php?rest_route=%2Fwp%2Fv2%2Fcomments&post=89615"}],"version-history":[{"count":0,"href":"https:\/\/archive.sana.sy\/es\/index.php?rest_route=\/wp\/v2\/posts\/89615\/revisions"}],"wp:featuredmedia":[{"embeddable":true,"href":"https:\/\/archive.sana.sy\/es\/index.php?rest_route=\/wp\/v2\/media\/89616"}],"wp:attachment":[{"href":"https:\/\/archive.sana.sy\/es\/index.php?rest_route=%2Fwp%2Fv2%2Fmedia&parent=89615"}],"wp:term":[{"taxonomy":"category","embeddable":true,"href":"https:\/\/archive.sana.sy\/es\/index.php?rest_route=%2Fwp%2Fv2%2Fcategories&post=89615"},{"taxonomy":"post_tag","embeddable":true,"href":"https:\/\/archive.sana.sy\/es\/index.php?rest_route=%2Fwp%2Fv2%2Ftags&post=89615"}],"curies":[{"name":"wp","href":"https:\/\/api.w.org\/{rel}","templated":true}]}}