{"id":89668,"date":"2018-09-22T18:44:09","date_gmt":"2018-09-22T15:44:09","guid":{"rendered":"http:\/\/www.sana.sy\/es\/?p=89668"},"modified":"2019-08-24T22:13:14","modified_gmt":"2019-08-24T19:13:14","slug":"al-assad-expresa-condolencias-por-las-victimas-del-ataque-terrorista-en-ahvaz","status":"publish","type":"post","link":"https:\/\/archive.sana.sy\/es\/?p=89668","title":{"rendered":"Al-Assad expresa condolencias por las v\u00edctimas del ataque terrorista en Ahvaz"},"content":{"rendered":"<p style=\"text-align: justify;\">Damasco, SANA<\/p>\n<p style=\"text-align: justify;\">El presidente Bashar al-Assad, expres\u00f3 sus condolencias a su hom\u00f3logo iran\u00ed , Hassan Rohani, por las v\u00edctimas del ataque terrorista contra un desfile militar en la ciudad de Ahvaz, en el sur de Ir\u00e1n.<\/p>\n<p style=\"text-align: justify;\">En un mensaje enviado hoy, el mandatario sirio conden\u00f3 el atentado y lo calific\u00f3 de acto criminal y cobarde.<\/p>\n<p style=\"text-align: justify;\">\u201cRecibimos con profunda tristeza la noticia del ataque terrorista contra el desfile militar en la ciudad de Ahvaz, en el sur de Ir\u00e1n, y le expreso en nombre del pueblo sirio y en el m\u00edo propio, mis m\u00e1s sinceras condolencias por las v\u00edctimas inocentes; y tambi\u00e9n condenamos en los t\u00e9rminos m\u00e1s en\u00e9rgicos este acto terrorista, criminal y cobarde\u201d, dice el texto del mensaje.<\/p>\n<p style=\"text-align: justify;\">Al-Assad agreg\u00f3 que la Rep\u00fablica Isl\u00e1mica de Ir\u00e1n ha estado en contra del terrorismo en Siria, y tambi\u00e9n conden\u00f3 este flageo en los foros internacionales y siempre ha sido sincero en su postura firme contra el terrorismo criminal y takfirista.<\/p>\n<p style=\"text-align: justify;\">En su mensaje, el jefe del Estado sirio agreg\u00f3: \u201cestamos con ustedes con todas nuestras fuerzas y esperamos que los partidarios y patrocinadores del terrorismo entiendan que este peligro amenaza a la humanidad en su conjunto, y le dirigimos un llamado para que revisen sus posiciones de apoyo a este terrorismo\u201d.<\/p>\n<p style=\"text-align: justify;\">F. Marouf<\/p>\n","protected":false},"excerpt":{"rendered":"<p>Damasco, SANA El presidente Bashar al-Assad, expres\u00f3 sus condolencias a su hom\u00f3logo iran\u00ed , Hassan Rohani, por las v\u00edctimas del ataque terrorista contra un desfile militar en la ciudad de Ahvaz, en el sur de Ir\u00e1n. En un mensaje enviado hoy, el mandatario sirio conden\u00f3 el atentado y lo calific\u00f3 de acto criminal y cobarde. &hellip;<\/p>\n","protected":false},"author":29,"featured_media":89669,"comment_status":"closed","ping_status":"closed","sticky":false,"template":"","format":"standard","meta":{"footnotes":""},"categories":[16237,583],"tags":[],"class_list":["post-89668","post","type-post","status-publish","format-standard","has-post-thumbnail","","category-presidence-de-la-republique-arabe-syria","category-slide"],"_links":{"self":[{"href":"https:\/\/archive.sana.sy\/es\/index.php?rest_route=\/wp\/v2\/posts\/89668"}],"collection":[{"href":"https:\/\/archive.sana.sy\/es\/index.php?rest_route=\/wp\/v2\/posts"}],"about":[{"href":"https:\/\/archive.sana.sy\/es\/index.php?rest_route=\/wp\/v2\/types\/post"}],"author":[{"embeddable":true,"href":"https:\/\/archive.sana.sy\/es\/index.php?rest_route=\/wp\/v2\/users\/29"}],"replies":[{"embeddable":true,"href":"https:\/\/archive.sana.sy\/es\/index.php?rest_route=%2Fwp%2Fv2%2Fcomments&post=89668"}],"version-history":[{"count":0,"href":"https:\/\/archive.sana.sy\/es\/index.php?rest_route=\/wp\/v2\/posts\/89668\/revisions"}],"wp:featuredmedia":[{"embeddable":true,"href":"https:\/\/archive.sana.sy\/es\/index.php?rest_route=\/wp\/v2\/media\/89669"}],"wp:attachment":[{"href":"https:\/\/archive.sana.sy\/es\/index.php?rest_route=%2Fwp%2Fv2%2Fmedia&parent=89668"}],"wp:term":[{"taxonomy":"category","embeddable":true,"href":"https:\/\/archive.sana.sy\/es\/index.php?rest_route=%2Fwp%2Fv2%2Fcategories&post=89668"},{"taxonomy":"post_tag","embeddable":true,"href":"https:\/\/archive.sana.sy\/es\/index.php?rest_route=%2Fwp%2Fv2%2Ftags&post=89668"}],"curies":[{"name":"wp","href":"https:\/\/api.w.org\/{rel}","templated":true}]}}