{"id":89676,"date":"2018-09-23T09:03:45","date_gmt":"2018-09-23T06:03:45","guid":{"rendered":"http:\/\/www.sana.sy\/es\/?p=89676"},"modified":"2018-09-23T11:00:11","modified_gmt":"2018-09-23T08:00:11","slug":"reconocen-presencia-de-terroristas-kuwaities-en-suelo-sirio","status":"publish","type":"post","link":"https:\/\/archive.sana.sy\/es\/?p=89676","title":{"rendered":"Reconocen presencia de terroristas kuwait\u00edes en suelo sirio"},"content":{"rendered":"<p><span style=\"color: #800000;\">Kuwait, SANA<\/span><\/p>\n<p>El peri\u00f3dico kuwait\u00ed &#8220;Al-Jaridah&#8221; revel\u00f3 que decenas de terroristas kuwait\u00edes que combaten en las filas de los grupos terroristas, han sido abatidos por el Ej\u00e9rcito sirio en diferentes zonas de Siria.<\/p>\n<p>El rotativo kuwait\u00ed confirm\u00f3 la presencia de al menos 15 terroristas de Kuwait en las filas del grupo terrorista &#8220;Daesh&#8221; en la ciudad de Idleb, y explic\u00f3 que estos 15 terroristas abandonaron a Kuwait en 2014 y 2015, y se unieron a las filas de este grupo radical que actualmente est\u00e1 en un bols\u00f3n cercado en la provincia de Idleb.<\/p>\n<p><span style=\"color: #0000ff;\">F. Marouf\/ Dr. A. Shaban<\/span><\/p>\n","protected":false},"excerpt":{"rendered":"<p>Kuwait, SANA El peri\u00f3dico kuwait\u00ed &#8220;Al-Jaridah&#8221; revel\u00f3 que decenas de terroristas kuwait\u00edes que combaten en las filas de los grupos terroristas, han sido abatidos por el Ej\u00e9rcito sirio en diferentes zonas de Siria. El rotativo kuwait\u00ed confirm\u00f3 la presencia de al menos 15 terroristas de Kuwait en las filas del grupo terrorista &#8220;Daesh&#8221; en la &hellip;<\/p>\n","protected":false},"author":1,"featured_media":89677,"comment_status":"closed","ping_status":"closed","sticky":false,"template":"","format":"standard","meta":{"footnotes":""},"categories":[597,467,7541],"tags":[12721],"class_list":["post-89676","post","type-post","status-publish","format-standard","has-post-thumbnail","","category-cinta-de-noticias","category-siria-y-el-mundo","category-ultimas-noticias","tag-reconocen-presencia-de-terroristas-kuwaities-en-suelo-sirio"],"_links":{"self":[{"href":"https:\/\/archive.sana.sy\/es\/index.php?rest_route=\/wp\/v2\/posts\/89676"}],"collection":[{"href":"https:\/\/archive.sana.sy\/es\/index.php?rest_route=\/wp\/v2\/posts"}],"about":[{"href":"https:\/\/archive.sana.sy\/es\/index.php?rest_route=\/wp\/v2\/types\/post"}],"author":[{"embeddable":true,"href":"https:\/\/archive.sana.sy\/es\/index.php?rest_route=\/wp\/v2\/users\/1"}],"replies":[{"embeddable":true,"href":"https:\/\/archive.sana.sy\/es\/index.php?rest_route=%2Fwp%2Fv2%2Fcomments&post=89676"}],"version-history":[{"count":0,"href":"https:\/\/archive.sana.sy\/es\/index.php?rest_route=\/wp\/v2\/posts\/89676\/revisions"}],"wp:featuredmedia":[{"embeddable":true,"href":"https:\/\/archive.sana.sy\/es\/index.php?rest_route=\/wp\/v2\/media\/89677"}],"wp:attachment":[{"href":"https:\/\/archive.sana.sy\/es\/index.php?rest_route=%2Fwp%2Fv2%2Fmedia&parent=89676"}],"wp:term":[{"taxonomy":"category","embeddable":true,"href":"https:\/\/archive.sana.sy\/es\/index.php?rest_route=%2Fwp%2Fv2%2Fcategories&post=89676"},{"taxonomy":"post_tag","embeddable":true,"href":"https:\/\/archive.sana.sy\/es\/index.php?rest_route=%2Fwp%2Fv2%2Ftags&post=89676"}],"curies":[{"name":"wp","href":"https:\/\/api.w.org\/{rel}","templated":true}]}}