{"id":89679,"date":"2018-09-23T09:20:22","date_gmt":"2018-09-23T06:20:22","guid":{"rendered":"http:\/\/www.sana.sy\/es\/?p=89679"},"modified":"2018-09-23T11:02:01","modified_gmt":"2018-09-23T08:02:01","slug":"terroristas-en-idleb-reciben-carga-de-gas-sarin-y-cloro","status":"publish","type":"post","link":"https:\/\/archive.sana.sy\/es\/?p=89679","title":{"rendered":"Terroristas en Idleb reciben carga de gas sar\u00edn y cloro"},"content":{"rendered":"<p style=\"text-align: justify;\"><span style=\"color: #800000;\">Idleb, SANA<\/span><\/p>\n<p style=\"text-align: justify;\">Fuentes fidedignas revelaron que los grupos terroristas entregan unos a los otros tanques de gas sar\u00edn y cloro.<\/p>\n<p style=\"text-align: justify;\">Citadas por la agencia Sputnik, las fuentes revelaron que el Frente Al-Nousra entreg\u00f3 a los grupos terroristas del Daesh y de Ansar Tawhid, seis recipientes que contienen gas sar\u00edn y cloro para su uso en las zonas de su control para la implementaci\u00f3n de un ataque qu\u00edmico y acusar al ej\u00e9rcito sirio para justificar una agresi\u00f3n externa.<\/p>\n<p style=\"text-align: justify;\">Esto confirma nuevamente la coordinaci\u00f3n entre los Estados occidentales y los terroristas para fabricar un ataque qu\u00edmico para responsabilizar al ej\u00e9rcito sirio<\/p>\n<p style=\"text-align: justify;\"><span style=\"color: #0000ff;\">F. Marouf\/ Dr. A. Shaban<\/span><\/p>\n","protected":false},"excerpt":{"rendered":"<p>Idleb, SANA Fuentes fidedignas revelaron que los grupos terroristas entregan unos a los otros tanques de gas sar\u00edn y cloro. Citadas por la agencia Sputnik, las fuentes revelaron que el Frente Al-Nousra entreg\u00f3 a los grupos terroristas del Daesh y de Ansar Tawhid, seis recipientes que contienen gas sar\u00edn y cloro para su uso en &hellip;<\/p>\n","protected":false},"author":1,"featured_media":89680,"comment_status":"closed","ping_status":"closed","sticky":false,"template":"","format":"standard","meta":{"footnotes":""},"categories":[597,573,7541],"tags":[12722],"class_list":["post-89679","post","type-post","status-publish","format-standard","has-post-thumbnail","","category-cinta-de-noticias","category-la-realidad-de-los-acontecimientos-en-siria","category-ultimas-noticias","tag-terroristas-en-idleb-reciben-carga-de-gas-sarin-y-cloro"],"_links":{"self":[{"href":"https:\/\/archive.sana.sy\/es\/index.php?rest_route=\/wp\/v2\/posts\/89679"}],"collection":[{"href":"https:\/\/archive.sana.sy\/es\/index.php?rest_route=\/wp\/v2\/posts"}],"about":[{"href":"https:\/\/archive.sana.sy\/es\/index.php?rest_route=\/wp\/v2\/types\/post"}],"author":[{"embeddable":true,"href":"https:\/\/archive.sana.sy\/es\/index.php?rest_route=\/wp\/v2\/users\/1"}],"replies":[{"embeddable":true,"href":"https:\/\/archive.sana.sy\/es\/index.php?rest_route=%2Fwp%2Fv2%2Fcomments&post=89679"}],"version-history":[{"count":0,"href":"https:\/\/archive.sana.sy\/es\/index.php?rest_route=\/wp\/v2\/posts\/89679\/revisions"}],"wp:featuredmedia":[{"embeddable":true,"href":"https:\/\/archive.sana.sy\/es\/index.php?rest_route=\/wp\/v2\/media\/89680"}],"wp:attachment":[{"href":"https:\/\/archive.sana.sy\/es\/index.php?rest_route=%2Fwp%2Fv2%2Fmedia&parent=89679"}],"wp:term":[{"taxonomy":"category","embeddable":true,"href":"https:\/\/archive.sana.sy\/es\/index.php?rest_route=%2Fwp%2Fv2%2Fcategories&post=89679"},{"taxonomy":"post_tag","embeddable":true,"href":"https:\/\/archive.sana.sy\/es\/index.php?rest_route=%2Fwp%2Fv2%2Ftags&post=89679"}],"curies":[{"name":"wp","href":"https:\/\/api.w.org\/{rel}","templated":true}]}}