{"id":89683,"date":"2018-09-23T12:27:47","date_gmt":"2018-09-23T09:27:47","guid":{"rendered":"http:\/\/www.sana.sy\/es\/?p=89683"},"modified":"2023-01-10T15:23:59","modified_gmt":"2023-01-10T13:23:59","slug":"cultivacion-de-frutas-tropicales-gana-terreno-en-la-costa-siria","status":"publish","type":"post","link":"https:\/\/archive.sana.sy\/es\/?p=89683","title":{"rendered":"Cultivaci\u00f3n de frutas tropicales gana terreno en la costa siria"},"content":{"rendered":"<p style=\"text-align: justify;\"><span style=\"color: #800000;\">Costa Siria, SANA<\/span><\/p>\n<p style=\"text-align: justify;\">Muchos agricultores de las provincias costeras sirias de Tartous y Latakia han comenzado a cultivar frutas tropicales, con el objetivo de introducir nuevas variedades en el mercado sirio y renovar sus actividades agr\u00edcolas.<\/p>\n<p style=\"text-align: justify;\">Las variedades tropicales incluyen el mango, las uvas chinas, el an\u00f3n, el aguacate, el zapote blanco y negro y la papaya.<\/p>\n<p style=\"text-align: justify;\">El Pabell\u00f3n de Frutas Tropicales de la Feria Internacional de Damasco recibi\u00f3 gran n\u00famero de visitantes e interesados<\/p>\n<p style=\"text-align: justify;\"><span style=\"color: #0000ff;\">Ammar H.\/ F. Marouf<\/span><\/p>\n<div id='gallery-1' class='gallery galleryid-89683 gallery-columns-3 gallery-size-full'><figure class='gallery-item'>\n\t\t\t<div class='gallery-icon landscape'>\n\t\t\t\t<a href='https:\/\/archive.sana.sy\/es\/wp-content\/uploads\/2018\/09\/5-8.jpg'><img loading=\"lazy\" decoding=\"async\" width=\"660\" height=\"440\" src=\"https:\/\/archive.sana.sy\/es\/wp-content\/uploads\/2018\/09\/5-8.jpg\" class=\"attachment-full size-full\" alt=\"\" srcset=\"https:\/\/archive.sana.sy\/es\/wp-content\/uploads\/2018\/09\/5-8.jpg 660w, https:\/\/archive.sana.sy\/es\/wp-content\/uploads\/2018\/09\/5-8-150x100.jpg 150w, https:\/\/archive.sana.sy\/es\/wp-content\/uploads\/2018\/09\/5-8-300x200.jpg 300w\" sizes=\"(max-width: 660px) 100vw, 660px\" \/><\/a>\n\t\t\t<\/div><\/figure><figure class='gallery-item'>\n\t\t\t<div class='gallery-icon landscape'>\n\t\t\t\t<a href='https:\/\/archive.sana.sy\/es\/wp-content\/uploads\/2018\/09\/4-8.jpg'><img loading=\"lazy\" decoding=\"async\" width=\"660\" height=\"440\" src=\"https:\/\/archive.sana.sy\/es\/wp-content\/uploads\/2018\/09\/4-8.jpg\" class=\"attachment-full size-full\" alt=\"\" srcset=\"https:\/\/archive.sana.sy\/es\/wp-content\/uploads\/2018\/09\/4-8.jpg 660w, https:\/\/archive.sana.sy\/es\/wp-content\/uploads\/2018\/09\/4-8-150x100.jpg 150w, https:\/\/archive.sana.sy\/es\/wp-content\/uploads\/2018\/09\/4-8-300x200.jpg 300w\" sizes=\"(max-width: 660px) 100vw, 660px\" \/><\/a>\n\t\t\t<\/div><\/figure><figure class='gallery-item'>\n\t\t\t<div class='gallery-icon landscape'>\n\t\t\t\t<a href='https:\/\/archive.sana.sy\/es\/wp-content\/uploads\/2018\/09\/3-9.jpg'><img loading=\"lazy\" decoding=\"async\" width=\"660\" height=\"440\" src=\"https:\/\/archive.sana.sy\/es\/wp-content\/uploads\/2018\/09\/3-9.jpg\" class=\"attachment-full size-full\" alt=\"\" srcset=\"https:\/\/archive.sana.sy\/es\/wp-content\/uploads\/2018\/09\/3-9.jpg 660w, https:\/\/archive.sana.sy\/es\/wp-content\/uploads\/2018\/09\/3-9-150x100.jpg 150w, https:\/\/archive.sana.sy\/es\/wp-content\/uploads\/2018\/09\/3-9-300x200.jpg 300w\" sizes=\"(max-width: 660px) 100vw, 660px\" \/><\/a>\n\t\t\t<\/div><\/figure><figure class='gallery-item'>\n\t\t\t<div class='gallery-icon landscape'>\n\t\t\t\t<a href='https:\/\/archive.sana.sy\/es\/wp-content\/uploads\/2018\/09\/2-11.jpg'><img loading=\"lazy\" decoding=\"async\" width=\"660\" height=\"440\" src=\"https:\/\/archive.sana.sy\/es\/wp-content\/uploads\/2018\/09\/2-11.jpg\" class=\"attachment-full size-full\" alt=\"\" srcset=\"https:\/\/archive.sana.sy\/es\/wp-content\/uploads\/2018\/09\/2-11.jpg 660w, https:\/\/archive.sana.sy\/es\/wp-content\/uploads\/2018\/09\/2-11-150x100.jpg 150w, https:\/\/archive.sana.sy\/es\/wp-content\/uploads\/2018\/09\/2-11-300x200.jpg 300w\" sizes=\"(max-width: 660px) 100vw, 660px\" \/><\/a>\n\t\t\t<\/div><\/figure><figure class='gallery-item'>\n\t\t\t<div class='gallery-icon landscape'>\n\t\t\t\t<a href='https:\/\/archive.sana.sy\/es\/wp-content\/uploads\/2018\/09\/1-14.jpg'><img loading=\"lazy\" decoding=\"async\" width=\"660\" height=\"440\" src=\"https:\/\/archive.sana.sy\/es\/wp-content\/uploads\/2018\/09\/1-14.jpg\" class=\"attachment-full size-full\" alt=\"\" srcset=\"https:\/\/archive.sana.sy\/es\/wp-content\/uploads\/2018\/09\/1-14.jpg 660w, https:\/\/archive.sana.sy\/es\/wp-content\/uploads\/2018\/09\/1-14-150x100.jpg 150w, https:\/\/archive.sana.sy\/es\/wp-content\/uploads\/2018\/09\/1-14-300x200.jpg 300w\" sizes=\"(max-width: 660px) 100vw, 660px\" \/><\/a>\n\t\t\t<\/div><\/figure><figure class='gallery-item'>\n\t\t\t<div class='gallery-icon landscape'>\n\t\t\t\t<a href='https:\/\/archive.sana.sy\/es\/wp-content\/uploads\/2018\/09\/6-6.jpg'><img loading=\"lazy\" decoding=\"async\" width=\"660\" height=\"440\" src=\"https:\/\/archive.sana.sy\/es\/wp-content\/uploads\/2018\/09\/6-6.jpg\" class=\"attachment-full size-full\" alt=\"\" srcset=\"https:\/\/archive.sana.sy\/es\/wp-content\/uploads\/2018\/09\/6-6.jpg 660w, https:\/\/archive.sana.sy\/es\/wp-content\/uploads\/2018\/09\/6-6-150x100.jpg 150w, https:\/\/archive.sana.sy\/es\/wp-content\/uploads\/2018\/09\/6-6-300x200.jpg 300w\" sizes=\"(max-width: 660px) 100vw, 660px\" \/><\/a>\n\t\t\t<\/div><\/figure>\n\t\t<\/div>\n\n","protected":false},"excerpt":{"rendered":"<p>Costa Siria, SANA Muchos agricultores de las provincias costeras sirias de Tartous y Latakia han comenzado a cultivar frutas tropicales, con el objetivo de introducir nuevas variedades en el mercado sirio y renovar sus actividades agr\u00edcolas. Las variedades tropicales incluyen el mango, las uvas chinas, el an\u00f3n, el aguacate, el zapote blanco y negro y &hellip;<\/p>\n","protected":false},"author":1,"featured_media":89684,"comment_status":"closed","ping_status":"closed","sticky":false,"template":"","format":"standard","meta":{"footnotes":""},"categories":[597,485,476,7541],"tags":[12723],"class_list":["post-89683","post","type-post","status-publish","format-standard","has-post-thumbnail","","category-cinta-de-noticias","category-informes-negocios-y-finanzas","category-locales","category-ultimas-noticias","tag-cultivacion-de-frutas-tropicales-gana-terreno-en-la-costa-siria"],"_links":{"self":[{"href":"https:\/\/archive.sana.sy\/es\/index.php?rest_route=\/wp\/v2\/posts\/89683"}],"collection":[{"href":"https:\/\/archive.sana.sy\/es\/index.php?rest_route=\/wp\/v2\/posts"}],"about":[{"href":"https:\/\/archive.sana.sy\/es\/index.php?rest_route=\/wp\/v2\/types\/post"}],"author":[{"embeddable":true,"href":"https:\/\/archive.sana.sy\/es\/index.php?rest_route=\/wp\/v2\/users\/1"}],"replies":[{"embeddable":true,"href":"https:\/\/archive.sana.sy\/es\/index.php?rest_route=%2Fwp%2Fv2%2Fcomments&post=89683"}],"version-history":[{"count":0,"href":"https:\/\/archive.sana.sy\/es\/index.php?rest_route=\/wp\/v2\/posts\/89683\/revisions"}],"wp:featuredmedia":[{"embeddable":true,"href":"https:\/\/archive.sana.sy\/es\/index.php?rest_route=\/wp\/v2\/media\/89684"}],"wp:attachment":[{"href":"https:\/\/archive.sana.sy\/es\/index.php?rest_route=%2Fwp%2Fv2%2Fmedia&parent=89683"}],"wp:term":[{"taxonomy":"category","embeddable":true,"href":"https:\/\/archive.sana.sy\/es\/index.php?rest_route=%2Fwp%2Fv2%2Fcategories&post=89683"},{"taxonomy":"post_tag","embeddable":true,"href":"https:\/\/archive.sana.sy\/es\/index.php?rest_route=%2Fwp%2Fv2%2Ftags&post=89683"}],"curies":[{"name":"wp","href":"https:\/\/api.w.org\/{rel}","templated":true}]}}