{"id":89721,"date":"2018-09-24T08:33:43","date_gmt":"2018-09-24T05:33:43","guid":{"rendered":"http:\/\/www.sana.sy\/es\/?p=89721"},"modified":"2018-09-24T10:02:03","modified_gmt":"2018-09-24T07:02:03","slug":"continuan-obras-de-restauracion-de-la-historica-mezquita-omeya-en-alepo","status":"publish","type":"post","link":"https:\/\/archive.sana.sy\/es\/?p=89721","title":{"rendered":"Contin\u00faan obras de restauraci\u00f3n de la hist\u00f3rica mezquita Omeya en Alepo"},"content":{"rendered":"<p style=\"text-align: justify;\"><span style=\"color: #800000;\">Alepo, SANA<\/span><\/p>\n<p style=\"text-align: justify;\">Equipos especialistas de restauradores, arquitecticos y constructores contin\u00faan las obras de restauraci\u00f3n de las partes destruidas por los terroristas en la hist\u00f3rica Mezquita Omeya en la ciudad de Alepo.<\/p>\n<p style=\"text-align: justify;\">Sakher Olabi, director del proyecto de restauraci\u00f3n, declar\u00f3 a SANA que la mezquita que tiene larga historia de m\u00e1s de 5000 a\u00f1os y es considerada como uno de los pilares de la memoria arquitect\u00f3nica de la ciudad de Alepo y un elemento est\u00e9tico \u00fanico de su tipo que adorna el centro del casco antiguo de la ciudad.<\/p>\n<p style=\"text-align: justify;\">Explic\u00f3 que la fase actual del trabajo se centra en la restauraci\u00f3n de los agujeros en los muros de la mezquita, e indic\u00f3 que la reconstrucci\u00f3n se lleva a cabo con las mismas antiguas piedras.<\/p>\n<p style=\"text-align: justify;\">Olabi agreg\u00f3 que se han hecho mezclas de diferentes materiales para eliminar los efectos del fuego en los muros, y destac\u00f3 que el trabajo necesita tiempo y concentraci\u00f3n con el fin de preservar la estructura de la mezquita.<\/p>\n<p style=\"text-align: justify;\">Por su parte, el Ing. Tamim Kasemo, miembro del Comit\u00e9 de Restauraci\u00f3n, dijo que de la Mezquita Omeya es como un libro de historia de m\u00e1s 1400 a\u00f1os y todos los per\u00edodos hist\u00f3ricos que pasaron por Alepo dejaron una huella en la misma.<\/p>\n<p style=\"text-align: justify;\">En cuanto al minarete de la mezquita, Kasemo dijo que fue construido en 1093 y se mantuvo firme a pesar de varios terremotos que sacudieron a Alepo, pero los terroristas la dinamitaron en el a\u00f1o 2015, y actualmente se est\u00e1 trabajando para construirlo con sus mismas piedras antiguas.<\/p>\n<p style=\"text-align: justify;\">La ciudad de Alepo fue incluida en la lista de sitios del Patrimonio Mundial en el a\u00f1o 1986.<\/p>\n<p style=\"text-align: justify;\"><span style=\"color: #0000ff;\">F. Marouf\/ Ammar H.<\/span><\/p>\n<div id='gallery-1' class='gallery galleryid-89721 gallery-columns-3 gallery-size-full'><figure class='gallery-item'>\n\t\t\t<div class='gallery-icon landscape'>\n\t\t\t\t<a href='https:\/\/archive.sana.sy\/es\/wp-content\/uploads\/2018\/09\/5-9.jpg'><img loading=\"lazy\" decoding=\"async\" width=\"660\" height=\"427\" src=\"https:\/\/archive.sana.sy\/es\/wp-content\/uploads\/2018\/09\/5-9.jpg\" class=\"attachment-full size-full\" alt=\"\" srcset=\"https:\/\/archive.sana.sy\/es\/wp-content\/uploads\/2018\/09\/5-9.jpg 660w, https:\/\/archive.sana.sy\/es\/wp-content\/uploads\/2018\/09\/5-9-150x97.jpg 150w, https:\/\/archive.sana.sy\/es\/wp-content\/uploads\/2018\/09\/5-9-300x194.jpg 300w\" sizes=\"(max-width: 660px) 100vw, 660px\" \/><\/a>\n\t\t\t<\/div><\/figure><figure class='gallery-item'>\n\t\t\t<div class='gallery-icon landscape'>\n\t\t\t\t<a href='https:\/\/archive.sana.sy\/es\/wp-content\/uploads\/2018\/09\/4-9.jpg'><img loading=\"lazy\" decoding=\"async\" width=\"660\" height=\"440\" src=\"https:\/\/archive.sana.sy\/es\/wp-content\/uploads\/2018\/09\/4-9.jpg\" class=\"attachment-full size-full\" alt=\"\" srcset=\"https:\/\/archive.sana.sy\/es\/wp-content\/uploads\/2018\/09\/4-9.jpg 660w, https:\/\/archive.sana.sy\/es\/wp-content\/uploads\/2018\/09\/4-9-150x100.jpg 150w, https:\/\/archive.sana.sy\/es\/wp-content\/uploads\/2018\/09\/4-9-300x200.jpg 300w\" sizes=\"(max-width: 660px) 100vw, 660px\" \/><\/a>\n\t\t\t<\/div><\/figure><figure class='gallery-item'>\n\t\t\t<div class='gallery-icon landscape'>\n\t\t\t\t<a href='https:\/\/archive.sana.sy\/es\/wp-content\/uploads\/2018\/09\/3-10.jpg'><img loading=\"lazy\" decoding=\"async\" width=\"660\" height=\"425\" src=\"https:\/\/archive.sana.sy\/es\/wp-content\/uploads\/2018\/09\/3-10.jpg\" class=\"attachment-full size-full\" alt=\"\" srcset=\"https:\/\/archive.sana.sy\/es\/wp-content\/uploads\/2018\/09\/3-10.jpg 660w, https:\/\/archive.sana.sy\/es\/wp-content\/uploads\/2018\/09\/3-10-150x97.jpg 150w, https:\/\/archive.sana.sy\/es\/wp-content\/uploads\/2018\/09\/3-10-300x193.jpg 300w\" sizes=\"(max-width: 660px) 100vw, 660px\" \/><\/a>\n\t\t\t<\/div><\/figure><figure class='gallery-item'>\n\t\t\t<div class='gallery-icon landscape'>\n\t\t\t\t<a href='https:\/\/archive.sana.sy\/es\/wp-content\/uploads\/2018\/09\/2-12.jpg'><img loading=\"lazy\" decoding=\"async\" width=\"300\" height=\"204\" src=\"https:\/\/archive.sana.sy\/es\/wp-content\/uploads\/2018\/09\/2-12.jpg\" class=\"attachment-full size-full\" alt=\"\" srcset=\"https:\/\/archive.sana.sy\/es\/wp-content\/uploads\/2018\/09\/2-12.jpg 300w, https:\/\/archive.sana.sy\/es\/wp-content\/uploads\/2018\/09\/2-12-150x102.jpg 150w, https:\/\/archive.sana.sy\/es\/wp-content\/uploads\/2018\/09\/2-12-110x75.jpg 110w\" sizes=\"(max-width: 300px) 100vw, 300px\" \/><\/a>\n\t\t\t<\/div><\/figure><figure class='gallery-item'>\n\t\t\t<div class='gallery-icon landscape'>\n\t\t\t\t<a href='https:\/\/archive.sana.sy\/es\/wp-content\/uploads\/2018\/09\/1-16.jpg'><img loading=\"lazy\" decoding=\"async\" width=\"300\" height=\"195\" src=\"https:\/\/archive.sana.sy\/es\/wp-content\/uploads\/2018\/09\/1-16.jpg\" class=\"attachment-full size-full\" alt=\"\" srcset=\"https:\/\/archive.sana.sy\/es\/wp-content\/uploads\/2018\/09\/1-16.jpg 300w, https:\/\/archive.sana.sy\/es\/wp-content\/uploads\/2018\/09\/1-16-150x98.jpg 150w\" sizes=\"(max-width: 300px) 100vw, 300px\" \/><\/a>\n\t\t\t<\/div><\/figure><figure class='gallery-item'>\n\t\t\t<div class='gallery-icon landscape'>\n\t\t\t\t<a href='https:\/\/archive.sana.sy\/es\/wp-content\/uploads\/2018\/09\/6-7.jpg'><img loading=\"lazy\" decoding=\"async\" width=\"660\" height=\"446\" src=\"https:\/\/archive.sana.sy\/es\/wp-content\/uploads\/2018\/09\/6-7.jpg\" class=\"attachment-full size-full\" alt=\"\" srcset=\"https:\/\/archive.sana.sy\/es\/wp-content\/uploads\/2018\/09\/6-7.jpg 660w, https:\/\/archive.sana.sy\/es\/wp-content\/uploads\/2018\/09\/6-7-150x101.jpg 150w, https:\/\/archive.sana.sy\/es\/wp-content\/uploads\/2018\/09\/6-7-300x203.jpg 300w, https:\/\/archive.sana.sy\/es\/wp-content\/uploads\/2018\/09\/6-7-110x75.jpg 110w\" sizes=\"(max-width: 660px) 100vw, 660px\" \/><\/a>\n\t\t\t<\/div><\/figure>\n\t\t<\/div>\n\n","protected":false},"excerpt":{"rendered":"<p>Alepo, SANA Equipos especialistas de restauradores, arquitecticos y constructores contin\u00faan las obras de restauraci\u00f3n de las partes destruidas por los terroristas en la hist\u00f3rica Mezquita Omeya en la ciudad de Alepo. Sakher Olabi, director del proyecto de restauraci\u00f3n, declar\u00f3 a SANA que la mezquita que tiene larga historia de m\u00e1s de 5000 a\u00f1os y es &hellip;<\/p>\n","protected":false},"author":1,"featured_media":89722,"comment_status":"closed","ping_status":"closed","sticky":false,"template":"","format":"standard","meta":{"footnotes":""},"categories":[597,510,515,583],"tags":[12727],"class_list":["post-89721","post","type-post","status-publish","format-standard","has-post-thumbnail","","category-cinta-de-noticias","category-arte-y-cultura","category-noticias-arte-y-cultura","category-slide","tag-continuan-obras-de-restauracion-de-la-historica-mezquita-omeya-en-alepo"],"_links":{"self":[{"href":"https:\/\/archive.sana.sy\/es\/index.php?rest_route=\/wp\/v2\/posts\/89721"}],"collection":[{"href":"https:\/\/archive.sana.sy\/es\/index.php?rest_route=\/wp\/v2\/posts"}],"about":[{"href":"https:\/\/archive.sana.sy\/es\/index.php?rest_route=\/wp\/v2\/types\/post"}],"author":[{"embeddable":true,"href":"https:\/\/archive.sana.sy\/es\/index.php?rest_route=\/wp\/v2\/users\/1"}],"replies":[{"embeddable":true,"href":"https:\/\/archive.sana.sy\/es\/index.php?rest_route=%2Fwp%2Fv2%2Fcomments&post=89721"}],"version-history":[{"count":0,"href":"https:\/\/archive.sana.sy\/es\/index.php?rest_route=\/wp\/v2\/posts\/89721\/revisions"}],"wp:featuredmedia":[{"embeddable":true,"href":"https:\/\/archive.sana.sy\/es\/index.php?rest_route=\/wp\/v2\/media\/89722"}],"wp:attachment":[{"href":"https:\/\/archive.sana.sy\/es\/index.php?rest_route=%2Fwp%2Fv2%2Fmedia&parent=89721"}],"wp:term":[{"taxonomy":"category","embeddable":true,"href":"https:\/\/archive.sana.sy\/es\/index.php?rest_route=%2Fwp%2Fv2%2Fcategories&post=89721"},{"taxonomy":"post_tag","embeddable":true,"href":"https:\/\/archive.sana.sy\/es\/index.php?rest_route=%2Fwp%2Fv2%2Ftags&post=89721"}],"curies":[{"name":"wp","href":"https:\/\/api.w.org\/{rel}","templated":true}]}}