{"id":89730,"date":"2018-09-24T11:28:13","date_gmt":"2018-09-24T08:28:13","guid":{"rendered":"http:\/\/www.sana.sy\/es\/?p=89730"},"modified":"2023-01-10T15:10:25","modified_gmt":"2023-01-10T13:10:25","slug":"120-companias-nacionales-y-arabes-participan-en-la-feria-de-industria-del-cuero","status":"publish","type":"post","link":"https:\/\/archive.sana.sy\/es\/?p=89730","title":{"rendered":"120 compa\u00f1\u00edas nacionales y \u00e1rabes participan en la Feria de Industria del Cuero"},"content":{"rendered":"<p style=\"text-align: justify;\"><span style=\"color: #800000;\">Damasco, SANA<\/span><\/p>\n<p style=\"text-align: justify;\">Con la participaci\u00f3n de m\u00e1s de 120 empresas especializadas en la industria del cuero y calzados, fue inaugurada la s\u00e9ptima edici\u00f3n de la Feria \u00c1rabe de Calzados e Industria del Cuero, en el recinto ferial de Expo-Damasco.<\/p>\n<p style=\"text-align: justify;\">El evento es organizado por la Uni\u00f3n \u00c1rabe de Industrias del Cuero, en colaboraci\u00f3n con el Ministerio de Industria y la Federaci\u00f3n de C\u00e1maras de Comercio, Industria y Artesan\u00eda sirios, y durar\u00e1 hasta el d\u00eda 26 de este mes.<\/p>\n<p style=\"text-align: justify;\">Participan en la feria cuatro pa\u00edses \u00e1rabes y son: Egipto, Argelia, Irak y Sud\u00e1n.<\/p>\n<p style=\"text-align: justify;\">El Secretario General de la Uni\u00f3n \u00c1rabe de Industrias del Cuero, Yussef Al-Saad, declar\u00f3 que esta feria es una muestra de la insistencia de los industriales y artesanos sirios para salir de la crisis que asol\u00f3 su pa\u00eds, y para dar a conocer al mundo sus productos de alta calidad.<\/p>\n<p style=\"text-align: justify;\">Dijo que la Feria es una se\u00f1al de optimismo del regreso de las industrias sirias a los mercados generales y especialmente de piel a extranjera<\/p>\n<p style=\"text-align: justify;\"><span style=\"color: #0000ff;\">F. Marouf\/ Ammar H.<\/span><\/p>\n","protected":false},"excerpt":{"rendered":"<p>Damasco, SANA Con la participaci\u00f3n de m\u00e1s de 120 empresas especializadas en la industria del cuero y calzados, fue inaugurada la s\u00e9ptima edici\u00f3n de la Feria \u00c1rabe de Calzados e Industria del Cuero, en el recinto ferial de Expo-Damasco. El evento es organizado por la Uni\u00f3n \u00c1rabe de Industrias del Cuero, en colaboraci\u00f3n con el &hellip;<\/p>\n","protected":false},"author":1,"featured_media":89731,"comment_status":"closed","ping_status":"closed","sticky":false,"template":"","format":"standard","meta":{"footnotes":""},"categories":[597,485,467,7541],"tags":[12728],"class_list":["post-89730","post","type-post","status-publish","format-standard","has-post-thumbnail","","category-cinta-de-noticias","category-informes-negocios-y-finanzas","category-siria-y-el-mundo","category-ultimas-noticias","tag-120-companias-nacionales-y-arabes-participan-en-la-feria-de-industria-del-cuero"],"_links":{"self":[{"href":"https:\/\/archive.sana.sy\/es\/index.php?rest_route=\/wp\/v2\/posts\/89730"}],"collection":[{"href":"https:\/\/archive.sana.sy\/es\/index.php?rest_route=\/wp\/v2\/posts"}],"about":[{"href":"https:\/\/archive.sana.sy\/es\/index.php?rest_route=\/wp\/v2\/types\/post"}],"author":[{"embeddable":true,"href":"https:\/\/archive.sana.sy\/es\/index.php?rest_route=\/wp\/v2\/users\/1"}],"replies":[{"embeddable":true,"href":"https:\/\/archive.sana.sy\/es\/index.php?rest_route=%2Fwp%2Fv2%2Fcomments&post=89730"}],"version-history":[{"count":0,"href":"https:\/\/archive.sana.sy\/es\/index.php?rest_route=\/wp\/v2\/posts\/89730\/revisions"}],"wp:featuredmedia":[{"embeddable":true,"href":"https:\/\/archive.sana.sy\/es\/index.php?rest_route=\/wp\/v2\/media\/89731"}],"wp:attachment":[{"href":"https:\/\/archive.sana.sy\/es\/index.php?rest_route=%2Fwp%2Fv2%2Fmedia&parent=89730"}],"wp:term":[{"taxonomy":"category","embeddable":true,"href":"https:\/\/archive.sana.sy\/es\/index.php?rest_route=%2Fwp%2Fv2%2Fcategories&post=89730"},{"taxonomy":"post_tag","embeddable":true,"href":"https:\/\/archive.sana.sy\/es\/index.php?rest_route=%2Fwp%2Fv2%2Ftags&post=89730"}],"curies":[{"name":"wp","href":"https:\/\/api.w.org\/{rel}","templated":true}]}}