{"id":89744,"date":"2018-09-24T12:42:39","date_gmt":"2018-09-24T09:42:39","guid":{"rendered":"http:\/\/www.sana.sy\/es\/?p=89744"},"modified":"2018-09-25T10:13:45","modified_gmt":"2018-09-25T07:13:45","slug":"moscu-suministrara-a-siria-con-el-sistema-antiaereo-s-300","status":"publish","type":"post","link":"https:\/\/archive.sana.sy\/es\/?p=89744","title":{"rendered":"Mosc\u00fa suministrar\u00e1 a Siria con el sistema antia\u00e9reo S-300"},"content":{"rendered":"<p style=\"text-align: justify;\"><span style=\"color: #800000;\">Mosc\u00fa, SANA<\/span><\/p>\n<p style=\"text-align: justify;\">El ministro ruso de Defensa, Sergu\u00e9i Shoig\u00fa, anunci\u00f3 que durante las pr\u00f3ximas dos semanas, Rusia entregar\u00e1 al Ej\u00e9rcito sirio los sistemas de misiles antia\u00e9reos S-300.<\/p>\n<p style=\"text-align: justify;\">Shoig\u00fa detall\u00f3 que los militares sirios realizaron la preparaci\u00f3n necesaria para el manejo de este sistema antia\u00e9reo.<\/p>\n<p style=\"text-align: justify;\">El titular ruso anunci\u00f3 adem\u00e1s, que los puntos de mando de las unidades militares sirias de la defensa antia\u00e9rea ser\u00e1n equipados con sistemas de control autom\u00e1tico, que hasta el momento se han suministrado solamente a las Fuerzas Armadas de Rusia.<\/p>\n<p style=\"text-align: justify;\">Tambi\u00e9n, inform\u00f3 que en las zonas cercanas al territorio sirio en el mar Mediterr\u00e1neo, se realizar\u00e1 una supresi\u00f3n radioelectr\u00f3nica de la navegaci\u00f3n satelital, de los radares de a bordo y de los sistemas de comunicaciones de la aviaci\u00f3n de combate que ataque objetivos en Siria.<\/p>\n<p><span style=\"color: #0000ff;\">F. Marouf\/ Ammar H.<\/span><\/p>\n","protected":false},"excerpt":{"rendered":"<p>Mosc\u00fa, SANA El ministro ruso de Defensa, Sergu\u00e9i Shoig\u00fa, anunci\u00f3 que durante las pr\u00f3ximas dos semanas, Rusia entregar\u00e1 al Ej\u00e9rcito sirio los sistemas de misiles antia\u00e9reos S-300. Shoig\u00fa detall\u00f3 que los militares sirios realizaron la preparaci\u00f3n necesaria para el manejo de este sistema antia\u00e9reo. El titular ruso anunci\u00f3 adem\u00e1s, que los puntos de mando de &hellip;<\/p>\n","protected":false},"author":1,"featured_media":89745,"comment_status":"closed","ping_status":"closed","sticky":false,"template":"","format":"standard","meta":{"footnotes":""},"categories":[597,467,7541],"tags":[12731],"class_list":["post-89744","post","type-post","status-publish","format-standard","has-post-thumbnail","","category-cinta-de-noticias","category-siria-y-el-mundo","category-ultimas-noticias","tag-moscu-suministrara-a-siria-con-el-sistema-antiaereo-s-300"],"_links":{"self":[{"href":"https:\/\/archive.sana.sy\/es\/index.php?rest_route=\/wp\/v2\/posts\/89744"}],"collection":[{"href":"https:\/\/archive.sana.sy\/es\/index.php?rest_route=\/wp\/v2\/posts"}],"about":[{"href":"https:\/\/archive.sana.sy\/es\/index.php?rest_route=\/wp\/v2\/types\/post"}],"author":[{"embeddable":true,"href":"https:\/\/archive.sana.sy\/es\/index.php?rest_route=\/wp\/v2\/users\/1"}],"replies":[{"embeddable":true,"href":"https:\/\/archive.sana.sy\/es\/index.php?rest_route=%2Fwp%2Fv2%2Fcomments&post=89744"}],"version-history":[{"count":0,"href":"https:\/\/archive.sana.sy\/es\/index.php?rest_route=\/wp\/v2\/posts\/89744\/revisions"}],"wp:featuredmedia":[{"embeddable":true,"href":"https:\/\/archive.sana.sy\/es\/index.php?rest_route=\/wp\/v2\/media\/89745"}],"wp:attachment":[{"href":"https:\/\/archive.sana.sy\/es\/index.php?rest_route=%2Fwp%2Fv2%2Fmedia&parent=89744"}],"wp:term":[{"taxonomy":"category","embeddable":true,"href":"https:\/\/archive.sana.sy\/es\/index.php?rest_route=%2Fwp%2Fv2%2Fcategories&post=89744"},{"taxonomy":"post_tag","embeddable":true,"href":"https:\/\/archive.sana.sy\/es\/index.php?rest_route=%2Fwp%2Fv2%2Ftags&post=89744"}],"curies":[{"name":"wp","href":"https:\/\/api.w.org\/{rel}","templated":true}]}}