{"id":89767,"date":"2018-09-24T13:33:22","date_gmt":"2018-09-24T10:33:22","guid":{"rendered":"http:\/\/www.sana.sy\/es\/?p=89767"},"modified":"2019-08-24T22:12:50","modified_gmt":"2019-08-24T19:12:50","slug":"al-assad-y-putin-repasan-el-acuerdo-de-idleb-y-la-forma-de-implementarlo","status":"publish","type":"post","link":"https:\/\/archive.sana.sy\/es\/?p=89767","title":{"rendered":"Al-Assad y Putin repasan el acuerdo de Idleb y la forma de implementarlo"},"content":{"rendered":"<p style=\"text-align: justify;\"><span style=\"color: #800000;\">Damasco, SANA<\/span><\/p>\n<p style=\"text-align: justify;\">El presidente Bashar Al-Assad y su hom\u00f3logo ruso, Vladimir Putin, repasaron en una conversaci\u00f3n telef\u00f3nica, los \u00faltimos acontecimientos pol\u00edticos sobre la situaci\u00f3n en Siria y el acuerdo de Idleb y las formas de implementarlo.<\/p>\n<p style=\"text-align: justify;\">El presidente Al-Assad expres\u00f3 sus condolencias al presidente Putin y al pueblo ruso por el incidente del avi\u00f3n militar ruso IL-20, que caus\u00f3 la ca\u00edda de los h\u00e9roes militares rusos que estaban a bordo del avi\u00f3n y que desempe\u00f1aban sus nobles tareas en la lucha contra el terrorismo en Siria.<\/p>\n<p style=\"text-align: justify;\">Por su parte, el presidente Putin responsabiliz\u00f3 a Israel del derribo del avi\u00f3n e inform\u00f3 al presidente Al-Assad que Rusia modernizar\u00e1 los sistemas de defensa antia\u00e9rea sirios y le entregar\u00e1 el sistema &#8220;S-300&#8221;.<\/p>\n<p style=\"text-align: justify;\"><span style=\"color: #0000ff;\">F. Marouf\/ Dr. A. Shaban\u00a0<\/span><\/p>\n","protected":false},"excerpt":{"rendered":"<p>Damasco, SANA El presidente Bashar Al-Assad y su hom\u00f3logo ruso, Vladimir Putin, repasaron en una conversaci\u00f3n telef\u00f3nica, los \u00faltimos acontecimientos pol\u00edticos sobre la situaci\u00f3n en Siria y el acuerdo de Idleb y las formas de implementarlo. El presidente Al-Assad expres\u00f3 sus condolencias al presidente Putin y al pueblo ruso por el incidente del avi\u00f3n militar &hellip;<\/p>\n","protected":false},"author":1,"featured_media":89768,"comment_status":"closed","ping_status":"closed","sticky":false,"template":"","format":"standard","meta":{"footnotes":""},"categories":[597,16237,583,626],"tags":[12736],"class_list":["post-89767","post","type-post","status-publish","format-standard","has-post-thumbnail","","category-cinta-de-noticias","category-presidence-de-la-republique-arabe-syria","category-slide","category-sr-presidente","tag-al-assad-y-putin-repasan-el-acuerdo-de-idleb-y-la-forma-de-implementarlo"],"_links":{"self":[{"href":"https:\/\/archive.sana.sy\/es\/index.php?rest_route=\/wp\/v2\/posts\/89767"}],"collection":[{"href":"https:\/\/archive.sana.sy\/es\/index.php?rest_route=\/wp\/v2\/posts"}],"about":[{"href":"https:\/\/archive.sana.sy\/es\/index.php?rest_route=\/wp\/v2\/types\/post"}],"author":[{"embeddable":true,"href":"https:\/\/archive.sana.sy\/es\/index.php?rest_route=\/wp\/v2\/users\/1"}],"replies":[{"embeddable":true,"href":"https:\/\/archive.sana.sy\/es\/index.php?rest_route=%2Fwp%2Fv2%2Fcomments&post=89767"}],"version-history":[{"count":0,"href":"https:\/\/archive.sana.sy\/es\/index.php?rest_route=\/wp\/v2\/posts\/89767\/revisions"}],"wp:featuredmedia":[{"embeddable":true,"href":"https:\/\/archive.sana.sy\/es\/index.php?rest_route=\/wp\/v2\/media\/89768"}],"wp:attachment":[{"href":"https:\/\/archive.sana.sy\/es\/index.php?rest_route=%2Fwp%2Fv2%2Fmedia&parent=89767"}],"wp:term":[{"taxonomy":"category","embeddable":true,"href":"https:\/\/archive.sana.sy\/es\/index.php?rest_route=%2Fwp%2Fv2%2Fcategories&post=89767"},{"taxonomy":"post_tag","embeddable":true,"href":"https:\/\/archive.sana.sy\/es\/index.php?rest_route=%2Fwp%2Fv2%2Ftags&post=89767"}],"curies":[{"name":"wp","href":"https:\/\/api.w.org\/{rel}","templated":true}]}}