{"id":89786,"date":"2018-09-24T18:50:00","date_gmt":"2018-09-24T15:50:00","guid":{"rendered":"http:\/\/www.sana.sy\/es\/?p=89786"},"modified":"2018-09-24T18:50:00","modified_gmt":"2018-09-24T15:50:00","slug":"inicia-segunda-edicion-del-festival-de-medios-de-comunicacion-sirios","status":"publish","type":"post","link":"https:\/\/archive.sana.sy\/es\/?p=89786","title":{"rendered":"Inicia segunda edici\u00f3n del Festival de Medios de Comunicaci\u00f3n Sirios"},"content":{"rendered":"<p>Damasco-SANA<\/p>\n<p>La segunda edici\u00f3n del Festival de Medios de Comunicaci\u00f3n Sirios arranc\u00f3 hoy en la Casa Al-Assad para la Cultura y las Artes en Damasco bajo el t\u00edtulo \u201cUn cuento de una victoria\u201d.<\/p>\n<p>El evento ha sido organizado por la Uni\u00f3n de Periodistas y participan en el mismo medios de comunicaci\u00f3n locales p\u00fablicos y privados, y cuenta con la presencia de delegaciones medi\u00e1ticas \u00e1rabes.<\/p>\n<p>El festival fue precedido por una exposici\u00f3n fotogr\u00e1fica que destaca el papel de los profesionales de los medios y los periodistas durante la actual guerra contra Siria.<\/p>\n<p>Las actividades del Festival incluyen un foro sobre la firmeza de los medios de comunicaci\u00f3n sirios durante los a\u00f1os de guerra y el importante papel de los medios de comunicaci\u00f3n en la regi\u00f3n en general para contrarrestar los canales de medios enga\u00f1osos apoyados y financiados por diferentes pa\u00edses.<\/p>\n<p>Y.K.<\/p>\n","protected":false},"excerpt":{"rendered":"<p>Damasco-SANA La segunda edici\u00f3n del Festival de Medios de Comunicaci\u00f3n Sirios arranc\u00f3 hoy en la Casa Al-Assad para la Cultura y las Artes en Damasco bajo el t\u00edtulo \u201cUn cuento de una victoria\u201d. El evento ha sido organizado por la Uni\u00f3n de Periodistas y participan en el mismo medios de comunicaci\u00f3n locales p\u00fablicos y privados, &hellip;<\/p>\n","protected":false},"author":1,"featured_media":89787,"comment_status":"closed","ping_status":"closed","sticky":false,"template":"","format":"standard","meta":{"footnotes":""},"categories":[476,7541],"tags":[],"class_list":["post-89786","post","type-post","status-publish","format-standard","has-post-thumbnail","","category-locales","category-ultimas-noticias"],"_links":{"self":[{"href":"https:\/\/archive.sana.sy\/es\/index.php?rest_route=\/wp\/v2\/posts\/89786"}],"collection":[{"href":"https:\/\/archive.sana.sy\/es\/index.php?rest_route=\/wp\/v2\/posts"}],"about":[{"href":"https:\/\/archive.sana.sy\/es\/index.php?rest_route=\/wp\/v2\/types\/post"}],"author":[{"embeddable":true,"href":"https:\/\/archive.sana.sy\/es\/index.php?rest_route=\/wp\/v2\/users\/1"}],"replies":[{"embeddable":true,"href":"https:\/\/archive.sana.sy\/es\/index.php?rest_route=%2Fwp%2Fv2%2Fcomments&post=89786"}],"version-history":[{"count":0,"href":"https:\/\/archive.sana.sy\/es\/index.php?rest_route=\/wp\/v2\/posts\/89786\/revisions"}],"wp:featuredmedia":[{"embeddable":true,"href":"https:\/\/archive.sana.sy\/es\/index.php?rest_route=\/wp\/v2\/media\/89787"}],"wp:attachment":[{"href":"https:\/\/archive.sana.sy\/es\/index.php?rest_route=%2Fwp%2Fv2%2Fmedia&parent=89786"}],"wp:term":[{"taxonomy":"category","embeddable":true,"href":"https:\/\/archive.sana.sy\/es\/index.php?rest_route=%2Fwp%2Fv2%2Fcategories&post=89786"},{"taxonomy":"post_tag","embeddable":true,"href":"https:\/\/archive.sana.sy\/es\/index.php?rest_route=%2Fwp%2Fv2%2Ftags&post=89786"}],"curies":[{"name":"wp","href":"https:\/\/api.w.org\/{rel}","templated":true}]}}