{"id":89792,"date":"2018-09-24T20:13:30","date_gmt":"2018-09-24T17:13:30","guid":{"rendered":"http:\/\/www.sana.sy\/es\/?p=89792"},"modified":"2018-09-25T13:10:35","modified_gmt":"2018-09-25T10:10:35","slug":"ffaa-arrebatan-mas-terreno-a-daesh-en-sweida","status":"publish","type":"post","link":"https:\/\/archive.sana.sy\/es\/?p=89792","title":{"rendered":"FFAA arrebatan m\u00e1s terreno a DAESH en Sweida"},"content":{"rendered":"<p>Sweida-SANA<\/p>\n<p>Unidades del ej\u00e9rcito sirio en colaboraci\u00f3n con fuerzas populares avanzaron en los alrededores de las colinas SAFA, en la provincia de Sweida tras duros combates con los terroristas de DAESH.<\/p>\n<p>Los bombardeos intensos de los aviones de combate y de la artiller\u00eda contra posiciones y fortines de los terroristas allanaron camino ante las fuerzas de incursi\u00f3n, que llevan a cabo operaciones militares desde tres ejes en direcci\u00f3n a las colinas Safa ultimo basti\u00f3n del EIIL en la provincia de Sweida, para liberar m\u00e1s terreno y estrechar a\u00fan m\u00e1s el cerco a los extremistas atrincherados en la zona, benefici\u00e1ndose del terreno rocoso y de las cuevitas para esconderse de los soldados sirios.<\/p>\n<p>Y.K.<\/p>\n","protected":false},"excerpt":{"rendered":"<p>Sweida-SANA Unidades del ej\u00e9rcito sirio en colaboraci\u00f3n con fuerzas populares avanzaron en los alrededores de las colinas SAFA, en la provincia de Sweida tras duros combates con los terroristas de DAESH. Los bombardeos intensos de los aviones de combate y de la artiller\u00eda contra posiciones y fortines de los terroristas allanaron camino ante las fuerzas &hellip;<\/p>\n","protected":false},"author":1,"featured_media":89793,"comment_status":"closed","ping_status":"closed","sticky":false,"template":"","format":"standard","meta":{"footnotes":""},"categories":[597,573,7541],"tags":[],"class_list":["post-89792","post","type-post","status-publish","format-standard","has-post-thumbnail","","category-cinta-de-noticias","category-la-realidad-de-los-acontecimientos-en-siria","category-ultimas-noticias"],"_links":{"self":[{"href":"https:\/\/archive.sana.sy\/es\/index.php?rest_route=\/wp\/v2\/posts\/89792"}],"collection":[{"href":"https:\/\/archive.sana.sy\/es\/index.php?rest_route=\/wp\/v2\/posts"}],"about":[{"href":"https:\/\/archive.sana.sy\/es\/index.php?rest_route=\/wp\/v2\/types\/post"}],"author":[{"embeddable":true,"href":"https:\/\/archive.sana.sy\/es\/index.php?rest_route=\/wp\/v2\/users\/1"}],"replies":[{"embeddable":true,"href":"https:\/\/archive.sana.sy\/es\/index.php?rest_route=%2Fwp%2Fv2%2Fcomments&post=89792"}],"version-history":[{"count":0,"href":"https:\/\/archive.sana.sy\/es\/index.php?rest_route=\/wp\/v2\/posts\/89792\/revisions"}],"wp:featuredmedia":[{"embeddable":true,"href":"https:\/\/archive.sana.sy\/es\/index.php?rest_route=\/wp\/v2\/media\/89793"}],"wp:attachment":[{"href":"https:\/\/archive.sana.sy\/es\/index.php?rest_route=%2Fwp%2Fv2%2Fmedia&parent=89792"}],"wp:term":[{"taxonomy":"category","embeddable":true,"href":"https:\/\/archive.sana.sy\/es\/index.php?rest_route=%2Fwp%2Fv2%2Fcategories&post=89792"},{"taxonomy":"post_tag","embeddable":true,"href":"https:\/\/archive.sana.sy\/es\/index.php?rest_route=%2Fwp%2Fv2%2Ftags&post=89792"}],"curies":[{"name":"wp","href":"https:\/\/api.w.org\/{rel}","templated":true}]}}