{"id":89795,"date":"2018-09-24T20:53:59","date_gmt":"2018-09-24T17:53:59","guid":{"rendered":"http:\/\/www.sana.sy\/es\/?p=89795"},"modified":"2018-09-25T10:35:36","modified_gmt":"2018-09-25T07:35:36","slug":"foro-mediatico-revela-las-conspiracion-contra-siria","status":"publish","type":"post","link":"https:\/\/archive.sana.sy\/es\/?p=89795","title":{"rendered":"Foro medi\u00e1tico revela la conspiraci\u00f3n contra Siria"},"content":{"rendered":"<p>Damasco-SANA<\/p>\n<p>Los participantes en el Foro Medi\u00e1tico se centraron en el papel de los medios de comunicaci\u00f3n sirios en cubrir las victorias del ej\u00e9rcito sirio sobre el terrorismo y afrontar las campa\u00f1as de desinformaci\u00f3n practicadas por los medios de comunicaci\u00f3n occidentales y \u00e1rabes.<\/p>\n<p>El presidente de la Uni\u00f3n de Periodistas Musa Adelnur dijo en su palabra de apertura que los sirios gracias a su firmeza y heroicidad as\u00ed como los sacrificios de su ej\u00e9rcito lograron escribir un nuevo alfabeto sobre el amor a la patria.<\/p>\n<p>Mientras el ministro de informaci\u00f3n Imad Sara hizo una panor\u00e1mica sobre las etapas de la conspiraci\u00f3n medi\u00e1tica lanzada contra Siria.<\/p>\n<p>Explic\u00f3 asimismo que el asesinato de los periodistas sirios y los ataques contra los establecimientos medi\u00e1ticos nacionales durante la crisis representan una evidencia contundente de la influencia de los medios de comunicaci\u00f3n sirios y su papel sobre el terreno.<\/p>\n<p>A su vez la Consejera pol\u00edtica y de Prensa de la presidencia Buthien Shaaban destac\u00f3 que la escena pol\u00edtica ha cambiado en su conjunto porque Siria afront\u00f3 la conspiraci\u00f3n y luch\u00f3 contra el terrorismo, agregando que la intimidaci\u00f3n difundida por los medios de comunicaci\u00f3n occidentales es parte de la guerra medi\u00e1tica contra Siria.<\/p>\n<p>Por su parte, el vicecanciller Faisal Mikdad opin\u00f3 que la guerra desatada contra Siria es un paso anticipado para \u00a8crear una nueva realidad y acabar con las causas e historia de Siria\u00a8.<\/p>\n<p>\u00a8La diplomacia siria ya sea directa o indirecta, refleja los avances que logra el ej\u00e9rcito sobre el terreno y es el verdadero secreto de la victoria y firmeza de Siria\u00a8, indic\u00f3.<\/p>\n<p>Y.K.<\/p>\n","protected":false},"excerpt":{"rendered":"<p>Damasco-SANA Los participantes en el Foro Medi\u00e1tico se centraron en el papel de los medios de comunicaci\u00f3n sirios en cubrir las victorias del ej\u00e9rcito sirio sobre el terrorismo y afrontar las campa\u00f1as de desinformaci\u00f3n practicadas por los medios de comunicaci\u00f3n occidentales y \u00e1rabes. El presidente de la Uni\u00f3n de Periodistas Musa Adelnur dijo en su &hellip;<\/p>\n","protected":false},"author":1,"featured_media":89796,"comment_status":"closed","ping_status":"closed","sticky":false,"template":"","format":"standard","meta":{"footnotes":""},"categories":[476,7541],"tags":[],"class_list":["post-89795","post","type-post","status-publish","format-standard","has-post-thumbnail","","category-locales","category-ultimas-noticias"],"_links":{"self":[{"href":"https:\/\/archive.sana.sy\/es\/index.php?rest_route=\/wp\/v2\/posts\/89795"}],"collection":[{"href":"https:\/\/archive.sana.sy\/es\/index.php?rest_route=\/wp\/v2\/posts"}],"about":[{"href":"https:\/\/archive.sana.sy\/es\/index.php?rest_route=\/wp\/v2\/types\/post"}],"author":[{"embeddable":true,"href":"https:\/\/archive.sana.sy\/es\/index.php?rest_route=\/wp\/v2\/users\/1"}],"replies":[{"embeddable":true,"href":"https:\/\/archive.sana.sy\/es\/index.php?rest_route=%2Fwp%2Fv2%2Fcomments&post=89795"}],"version-history":[{"count":0,"href":"https:\/\/archive.sana.sy\/es\/index.php?rest_route=\/wp\/v2\/posts\/89795\/revisions"}],"wp:featuredmedia":[{"embeddable":true,"href":"https:\/\/archive.sana.sy\/es\/index.php?rest_route=\/wp\/v2\/media\/89796"}],"wp:attachment":[{"href":"https:\/\/archive.sana.sy\/es\/index.php?rest_route=%2Fwp%2Fv2%2Fmedia&parent=89795"}],"wp:term":[{"taxonomy":"category","embeddable":true,"href":"https:\/\/archive.sana.sy\/es\/index.php?rest_route=%2Fwp%2Fv2%2Fcategories&post=89795"},{"taxonomy":"post_tag","embeddable":true,"href":"https:\/\/archive.sana.sy\/es\/index.php?rest_route=%2Fwp%2Fv2%2Ftags&post=89795"}],"curies":[{"name":"wp","href":"https:\/\/api.w.org\/{rel}","templated":true}]}}